{"id":550,"date":"2022-02-07T19:38:44","date_gmt":"2022-02-07T19:38:44","guid":{"rendered":"https:\/\/organizacion.corape.org.ec\/?p=550"},"modified":"2024-11-26T18:51:56","modified_gmt":"2024-11-26T18:51:56","slug":"compz-comunicacion-y-paz","status":"publish","type":"post","link":"https:\/\/organizacion.corape.org.ec\/index.php\/2022\/02\/07\/compz-comunicacion-y-paz\/","title":{"rendered":"COMP@Z Comunicaci\u00f3n y Paz"},"content":{"rendered":"<div class=\"wpb-content-wrapper\"><p>[vc_row full_width=\u00bbstretch_row\u00bb][vc_column]<div class=\"ult-spacer spacer-69f43c01a393c\" data-id=\"69f43c01a393c\" data-height=\"100\" data-height-mobile=\"100\" data-height-tab=\"100\" data-height-tab-portrait=\"\" data-height-mobile-landscape=\"\" style=\"clear:both;display:block;\"><\/div>[vc_single_image image=\u00bb780&#8243; img_size=\u00bbfull\u00bb alignment=\u00bbcenter\u00bb][\/vc_column][\/vc_row][vc_row][vc_column width=\u00bb1\/2&#8243;][vc_single_image image=\u00bb765&#8243; img_size=\u00bbfull\u00bb][\/vc_column][vc_column width=\u00bb1\/2&#8243;][vc_column_text]<\/p>\n<div class=\"elementor-element elementor-element-f3dbffb elementor-widget elementor-widget-text-editor\" data-id=\"f3dbffb\" data-element_type=\"widget\" data-widget_type=\"text-editor.default\">\n<div class=\"elementor-widget-container\">\n<p style=\"text-align: justify;\">Con el prop\u00f3sito de contribuir a la Cultura de Paz en la frontera norte de Ecuador y Colombia, desde procesos comunicacionales democr\u00e1ticos, educativos y participativos, con una perspectiva de g\u00e9nero e interculturalidad, la Coordinadora de Medios Comunitarios Populares y Educativos de Ecuador CORAPE con el apoyo de la Cooperaci\u00f3n Alemana implementada por GIZ y la Uni\u00f3n Europea, por medio del programa Frontera Norte Territorio de Desarrollo y Paz, realiza el proyecto ComP@z, Comunicaci\u00f3n y Paz.<\/p>\n<p style=\"text-align: justify;\">El proyecto comprende diversas l\u00edneas de acci\u00f3n:<\/p>\n<p style=\"text-align: justify;\">1. Plataforma digital ComP@z<\/p>\n<p style=\"text-align: justify;\">2. Reorganizaci\u00f3n y fortalecimiento de la Red de Reporteros de Paz<\/p>\n<p style=\"text-align: justify;\">3. Di\u00e1logos P\u00fablicos (capacitaci\u00f3n y producci\u00f3n)<\/p>\n<p style=\"text-align: justify;\">4. Fortalecimiento de medios comunitarios pueblos y nacionalidades<\/p>\n<p style=\"text-align: justify;\">5. Estrategias digitales en comunicaci\u00f3n para j\u00f3venes de la frontera norte.<\/p>\n<p style=\"text-align: justify;\">6. Producci\u00f3n y Difusi\u00f3n de piezas comunicacionales<\/p>\n<\/div>\n<\/div>\n<p>[\/vc_column_text][\/vc_column][\/vc_row][vc_row][vc_column][vc_column_text]<\/p>\n<h2 style=\"text-align: center;\">PRODUCTOS REALIZADOS<\/h2>\n<p>[\/vc_column_text][\/vc_column][\/vc_row][vc_row][vc_column width=\u00bb1\/3&#8243;][\/vc_column][vc_column width=\u00bb1\/3&#8243;][vc_row_inner][vc_column_inner width=\u00bb1\/6&#8243;][vc_btn title=\u00bb\u00bb color=\u00bbdanger\u00bb align=\u00bbcenter\u00bb i_icon_fontawesome=\u00bbfab fa-youtube\u00bb add_icon=\u00bbtrue\u00bb link=\u00bburl:https%3A%2F%2Fwww.youtube.com%2Fwatch%3Fv%3DojKFuHftujw%26list%3DPLW9tPsD0XDoV10s4FD99Pq3Wvr4yIKKwB\u00bb][\/vc_column_inner][vc_column_inner width=\u00bb1\/6&#8243;][vc_btn title=\u00bb\u00bb color=\u00bbviolet\u00bb align=\u00bbcenter\u00bb i_icon_fontawesome=\u00bbfas fa-play\u00bb add_icon=\u00bbtrue\u00bb link=\u00bburl:https%3A%2F%2Fwww.ivoox.com%2Fradiorevista-compaz_bk_list_10035167_1.html\u00bb][\/vc_column_inner][vc_column_inner width=\u00bb1\/6&#8243;][vc_btn title=\u00bb\u00bb color=\u00bbturquoise\u00bb align=\u00bbcenter\u00bb i_icon_fontawesome=\u00bbfas fa-music\u00bb add_icon=\u00bbtrue\u00bb link=\u00bburl:https%3A%2F%2Fwww.ivoox.com%2Fpodcast-cunas-radiofonicas_sq_f11290655_1.html\u00bb][\/vc_column_inner][vc_column_inner width=\u00bb1\/6&#8243;][vc_btn title=\u00bb\u00bb color=\u00bbinverse\u00bb align=\u00bbcenter\u00bb i_icon_fontawesome=\u00bbfas fa-link\u00bb add_icon=\u00bbtrue\u00bb link=\u00bburl:https%3A%2F%2Fcorape.org.ec%2Fculturadepaz%2F\u00bb][\/vc_column_inner][vc_column_inner width=\u00bb1\/6&#8243;][vc_btn title=\u00bb\u00bb color=\u00bbsky\u00bb i_icon_fontawesome=\u00bbfas fa-book-open\u00bb add_icon=\u00bbtrue\u00bb link=\u00bburl:https%3A%2F%2Fwww.yumpu.com%2Fes%2Fdocument%2Fread%2F68604661%2Fdossier-frontera-norte\u00bb][\/vc_column_inner][\/vc_row_inner][\/vc_column][vc_column width=\u00bb1\/3&#8243;][\/vc_column][\/vc_row]<\/p>\n<\/div>","protected":false},"excerpt":{"rendered":"<p>[vc_row full_width=\u00bbstretch_row\u00bb][vc_column][vc_single_image image=\u00bb780&#8243; img_size=\u00bbfull\u00bb alignment=\u00bbcenter\u00bb][\/vc_column][\/vc_row][vc_row][vc_column width=\u00bb1\/2&#8243;][vc_single_image image=\u00bb765&#8243; img_size=\u00bbfull\u00bb][\/vc_column][vc_column width=\u00bb1\/2&#8243;][vc_column_text] Con el prop\u00f3sito de contribuir a la Cultura de Paz en la frontera norte de Ecuador y Colombia, desde procesos comunicacionales democr\u00e1ticos, educativos y participativos, con una perspectiva de g\u00e9nero e interculturalidad, la Coordinadora de Medios Comunitarios Populares y Educativos de Ecuador CORAPE con el apoyo&hellip;<\/p>\n","protected":false},"author":1,"featured_media":765,"comment_status":"closed","ping_status":"closed","sticky":false,"template":"","format":"standard","meta":{"footnotes":""},"categories":[30,47],"tags":[],"class_list":["post-550","post","type-post","status-publish","format-standard","has-post-thumbnail","hentry","category-cooperacion-alemana","category-movilidad-humana-y-cultura-de-paz","category-30","category-47","description-off"],"_links":{"self":[{"href":"https:\/\/organizacion.corape.org.ec\/index.php\/wp-json\/wp\/v2\/posts\/550","targetHints":{"allow":["GET"]}}],"collection":[{"href":"https:\/\/organizacion.corape.org.ec\/index.php\/wp-json\/wp\/v2\/posts"}],"about":[{"href":"https:\/\/organizacion.corape.org.ec\/index.php\/wp-json\/wp\/v2\/types\/post"}],"author":[{"embeddable":true,"href":"https:\/\/organizacion.corape.org.ec\/index.php\/wp-json\/wp\/v2\/users\/1"}],"replies":[{"embeddable":true,"href":"https:\/\/organizacion.corape.org.ec\/index.php\/wp-json\/wp\/v2\/comments?post=550"}],"version-history":[{"count":19,"href":"https:\/\/organizacion.corape.org.ec\/index.php\/wp-json\/wp\/v2\/posts\/550\/revisions"}],"predecessor-version":[{"id":2166,"href":"https:\/\/organizacion.corape.org.ec\/index.php\/wp-json\/wp\/v2\/posts\/550\/revisions\/2166"}],"wp:featuredmedia":[{"embeddable":true,"href":"https:\/\/organizacion.corape.org.ec\/index.php\/wp-json\/wp\/v2\/media\/765"}],"wp:attachment":[{"href":"https:\/\/organizacion.corape.org.ec\/index.php\/wp-json\/wp\/v2\/media?parent=550"}],"wp:term":[{"taxonomy":"category","embeddable":true,"href":"https:\/\/organizacion.corape.org.ec\/index.php\/wp-json\/wp\/v2\/categories?post=550"},{"taxonomy":"post_tag","embeddable":true,"href":"https:\/\/organizacion.corape.org.ec\/index.php\/wp-json\/wp\/v2\/tags?post=550"}],"curies":[{"name":"wp","href":"https:\/\/api.w.org\/{rel}","templated":true}]}}