{"id":531,"date":"2022-02-07T18:57:38","date_gmt":"2022-02-07T18:57:38","guid":{"rendered":"https:\/\/organizacion.corape.org.ec\/?p=531"},"modified":"2024-11-26T18:53:10","modified_gmt":"2024-11-26T18:53:10","slug":"finanzas-gad-provinciales","status":"publish","type":"post","link":"https:\/\/organizacion.corape.org.ec\/index.php\/2022\/02\/07\/finanzas-gad-provinciales\/","title":{"rendered":"Finanzas GADs provinciales\u200b"},"content":{"rendered":"<div class=\"wpb-content-wrapper\"><p>[vc_row full_width=\u00bbstretch_row\u00bb][vc_column]<div class=\"ult-spacer spacer-69f43c869cc9c\" data-id=\"69f43c869cc9c\" data-height=\"100\" data-height-mobile=\"100\" data-height-tab=\"100\" data-height-tab-portrait=\"\" data-height-mobile-landscape=\"\" style=\"clear:both;display:block;\"><\/div>[vc_single_image image=\u00bb781&#8243; img_size=\u00bbfull\u00bb alignment=\u00bbcenter\u00bb][\/vc_column][\/vc_row][vc_row][vc_column width=\u00bb1\/2&#8243;][vc_single_image image=\u00bb766&#8243; img_size=\u00bbfull\u00bb][\/vc_column][vc_column width=\u00bb1\/2&#8243;][vc_column_text]<\/p>\n<section class=\"elementor-section elementor-top-section elementor-element elementor-element-a073f55 elementor-section-boxed elementor-section-height-default elementor-section-height-default\" data-id=\"a073f55\" data-element_type=\"section\">\n<div class=\"elementor-container elementor-column-gap-default\">\n<div class=\"elementor-column elementor-col-50 elementor-top-column elementor-element elementor-element-c110934\" data-id=\"c110934\" data-element_type=\"column\">\n<div class=\"elementor-widget-wrap elementor-element-populated\">\n<div class=\"elementor-element elementor-element-def4178 elementor-widget elementor-widget-text-editor\" data-id=\"def4178\" data-element_type=\"widget\" data-widget_type=\"text-editor.default\">\n<div class=\"elementor-widget-container\">\n<p style=\"text-align: justify;\">El objetivo propuesto como objetivo global es a la vez la finalidad de la instituci\u00f3n: Fortalecer procesos de gobernabilidad sub-nacional, que profundicen la autonom\u00eda de los GADs provinciales como gobiernos del territorio. Dicho objetivo se busca cumplirlo mediante acciones de car\u00e1cter pol\u00edtico y t\u00e9cnico, como la construcci\u00f3n de pol\u00edticas p\u00fablicas y el fortalecimiento de los sistemas de participaci\u00f3n y de gesti\u00f3n administrativa y financiera. Espec\u00edficamente el programa buscar\u00e1 mejorar los mecanismos de planificaci\u00f3n, pol\u00edticas p\u00fablicas y la gesti\u00f3n de las finanzas p\u00fablicas en cinco gobiernos provinciales piloto, y promover la gesti\u00f3n de conocimiento y la r\u00e9plica de las experiencias de buenas pr\u00e1cticas de este proyecto en otros GAD. Las actividades planteadas son: la evaluaci\u00f3n financiera, aplicando los principios de PEFA, que permita generar herramientas de integraci\u00f3n de la planificaci\u00f3n con el presupuesto y la gesti\u00f3n financiera del GAD provincial, y mejorar en aquellos aspectos que se encuentren en dicha evaluaci\u00f3n. Espec\u00edficamente se propone incluir en la evaluaci\u00f3n elementos que se desarrollan en las metodolog\u00edas de Presupuesto Abierto y de inclusi\u00f3n de Presupuesto inclusivo (con visi\u00f3n de g\u00e9nero), de manera que se complemente la evaluaci\u00f3n y que las propuestas de mejoramiento puedan implicar a la sociedad civil. Paralelamente, se buscar\u00e1 la formaci\u00f3n de ciudadanos y ciudadanas en la metodolog\u00eda de presupuesto abierto, de manera que en el mediano plazo mejore la capacidad de auditor\u00eda e incidencia, a trav\u00e9s de herramientas comunicacionales y participativas Se En la parte comunicacional se estable como socio estrat\u00e9gico a la Coordinadora de Medios Comunitarios Populares y Educativos del Ecuador CORAPE, por ser la \u00fanica red de medios comunitarios que realiza trabajo en campo y utiliza t\u00e9cnicas de comunicaci\u00f3n y capacitaci\u00f3n inclusivas y alternativas para garantizar la difusi\u00f3n y comprensi\u00f3n de los objetivos de este proyecto a nivel local y nacional.<\/p>\n<\/div>\n<\/div>\n<\/div>\n<\/div>\n<\/div>\n<\/section>\n<section class=\"elementor-section elementor-top-section elementor-element elementor-element-ce4aff9 elementor-section-boxed elementor-section-height-default elementor-section-height-default\" data-id=\"ce4aff9\" data-element_type=\"section\">\n<div class=\"elementor-container elementor-column-gap-default\">\n<div class=\"elementor-column elementor-col-100 elementor-top-column elementor-element elementor-element-36e0de7\" data-id=\"36e0de7\" data-element_type=\"column\">\n<div class=\"elementor-widget-wrap elementor-element-populated\">\n<div class=\"elementor-element elementor-element-77ae991 elementor-widget elementor-widget-heading\" data-id=\"77ae991\" data-element_type=\"widget\" data-widget_type=\"heading.default\">\n<div class=\"elementor-widget-container\" style=\"text-align: justify;\"><\/div>\n<\/div>\n<\/div>\n<\/div>\n<\/div>\n<\/section>\n<p>[\/vc_column_text][\/vc_column][\/vc_row][vc_row][vc_column][vc_column_text]<\/p>\n<h2 style=\"text-align: center;\">PRODUCTOS REALIZADOS<\/h2>\n<p>[\/vc_column_text][\/vc_column][\/vc_row][vc_row][vc_column width=\u00bb1\/3&#8243;][\/vc_column][vc_column width=\u00bb1\/3&#8243;][vc_row_inner][vc_column_inner][vc_btn title=\u00bb\u00bb color=\u00bbinverse\u00bb align=\u00bbcenter\u00bb i_icon_fontawesome=\u00bbfas fa-book-open\u00bb add_icon=\u00bbtrue\u00bb link=\u00bburl:https%3A%2F%2Fwww.yumpu.com%2Fxx%2Fdocument%2Fread%2F65353290%2Fcartilla1espanol\u00bb][\/vc_column_inner][\/vc_row_inner][\/vc_column][vc_column width=\u00bb1\/3&#8243;][\/vc_column][\/vc_row]<\/p>\n<\/div>","protected":false},"excerpt":{"rendered":"<p>[vc_row full_width=\u00bbstretch_row\u00bb][vc_column][vc_single_image image=\u00bb781&#8243; img_size=\u00bbfull\u00bb alignment=\u00bbcenter\u00bb][\/vc_column][\/vc_row][vc_row][vc_column width=\u00bb1\/2&#8243;][vc_single_image image=\u00bb766&#8243; img_size=\u00bbfull\u00bb][\/vc_column][vc_column width=\u00bb1\/2&#8243;][vc_column_text] El objetivo propuesto como objetivo global es a la vez la finalidad de la instituci\u00f3n: Fortalecer procesos de gobernabilidad sub-nacional, que profundicen la autonom\u00eda de los GADs provinciales como gobiernos del territorio. Dicho objetivo se busca cumplirlo mediante acciones de car\u00e1cter pol\u00edtico y t\u00e9cnico, como la&hellip;<\/p>\n","protected":false},"author":1,"featured_media":766,"comment_status":"closed","ping_status":"closed","sticky":false,"template":"","format":"standard","meta":{"footnotes":""},"categories":[26,48],"tags":[],"class_list":["post-531","post","type-post","status-publish","format-standard","has-post-thumbnail","hentry","category-congope","category-politica-publica-y-participacion-ciudadana","category-26","category-48","description-off"],"_links":{"self":[{"href":"https:\/\/organizacion.corape.org.ec\/index.php\/wp-json\/wp\/v2\/posts\/531","targetHints":{"allow":["GET"]}}],"collection":[{"href":"https:\/\/organizacion.corape.org.ec\/index.php\/wp-json\/wp\/v2\/posts"}],"about":[{"href":"https:\/\/organizacion.corape.org.ec\/index.php\/wp-json\/wp\/v2\/types\/post"}],"author":[{"embeddable":true,"href":"https:\/\/organizacion.corape.org.ec\/index.php\/wp-json\/wp\/v2\/users\/1"}],"replies":[{"embeddable":true,"href":"https:\/\/organizacion.corape.org.ec\/index.php\/wp-json\/wp\/v2\/comments?post=531"}],"version-history":[{"count":11,"href":"https:\/\/organizacion.corape.org.ec\/index.php\/wp-json\/wp\/v2\/posts\/531\/revisions"}],"predecessor-version":[{"id":1970,"href":"https:\/\/organizacion.corape.org.ec\/index.php\/wp-json\/wp\/v2\/posts\/531\/revisions\/1970"}],"wp:featuredmedia":[{"embeddable":true,"href":"https:\/\/organizacion.corape.org.ec\/index.php\/wp-json\/wp\/v2\/media\/766"}],"wp:attachment":[{"href":"https:\/\/organizacion.corape.org.ec\/index.php\/wp-json\/wp\/v2\/media?parent=531"}],"wp:term":[{"taxonomy":"category","embeddable":true,"href":"https:\/\/organizacion.corape.org.ec\/index.php\/wp-json\/wp\/v2\/categories?post=531"},{"taxonomy":"post_tag","embeddable":true,"href":"https:\/\/organizacion.corape.org.ec\/index.php\/wp-json\/wp\/v2\/tags?post=531"}],"curies":[{"name":"wp","href":"https:\/\/api.w.org\/{rel}","templated":true}]}}