{"id":526,"date":"2022-02-07T18:00:26","date_gmt":"2022-02-07T18:00:26","guid":{"rendered":"https:\/\/organizacion.corape.org.ec\/?p=526"},"modified":"2023-02-03T21:49:26","modified_gmt":"2023-02-03T21:49:26","slug":"fortalecimiento-a-los-consejos-y-juntas-cantonales-de-proteccion-de-derechos-en-sucumbios-para-la-promocion-y-proteccion-de-derechos-con-enfasis-en-asilo","status":"publish","type":"post","link":"https:\/\/organizacion.corape.org.ec\/index.php\/2022\/02\/07\/fortalecimiento-a-los-consejos-y-juntas-cantonales-de-proteccion-de-derechos-en-sucumbios-para-la-promocion-y-proteccion-de-derechos-con-enfasis-en-asilo\/","title":{"rendered":"Fortalecimiento a los consejos y Juntas Cantonales de Protecci\u00f3n de derechos en Sucumb\u00edos para la promoci\u00f3n y protecci\u00f3n de derechos con \u00e9nfasis en Asilo"},"content":{"rendered":"<div class=\"wpb-content-wrapper\"><p>[vc_row full_width=\u00bbstretch_row\u00bb][vc_column]<div class=\"ult-spacer spacer-69f712c89cbab\" data-id=\"69f712c89cbab\" data-height=\"100\" data-height-mobile=\"100\" data-height-tab=\"100\" data-height-tab-portrait=\"\" data-height-mobile-landscape=\"\" style=\"clear:both;display:block;\"><\/div>[vc_single_image image=\u00bb779&#8243; img_size=\u00bbfull\u00bb alignment=\u00bbcenter\u00bb][\/vc_column][\/vc_row][vc_row][vc_column width=\u00bb1\/2&#8243;][vc_single_image image=\u00bb763&#8243; img_size=\u00bbfull\u00bb][\/vc_column][vc_column width=\u00bb1\/2&#8243;][vc_column_text]<\/p>\n<section class=\"elementor-section elementor-top-section elementor-element elementor-element-ef5ddea elementor-section-boxed elementor-section-height-default elementor-section-height-default\" data-id=\"ef5ddea\" data-element_type=\"section\">\n<div class=\"elementor-container elementor-column-gap-default\">\n<div class=\"elementor-column elementor-col-50 elementor-top-column elementor-element elementor-element-efa8965\" data-id=\"efa8965\" data-element_type=\"column\">\n<div class=\"elementor-widget-wrap elementor-element-populated\">\n<div class=\"elementor-element elementor-element-2a40cdd elementor-widget elementor-widget-text-editor\" data-id=\"2a40cdd\" data-element_type=\"widget\" data-widget_type=\"text-editor.default\">\n<div class=\"elementor-widget-container\">\n<section class=\"elementor-section elementor-top-section elementor-element elementor-element-4516cae elementor-section-boxed elementor-section-height-default elementor-section-height-default\" data-id=\"4516cae\" data-element_type=\"section\">\n<div class=\"elementor-container elementor-column-gap-default\">\n<div class=\"elementor-column elementor-col-50 elementor-top-column elementor-element elementor-element-e63fe1a\" data-id=\"e63fe1a\" data-element_type=\"column\">\n<div class=\"elementor-widget-wrap elementor-element-populated\">\n<div class=\"elementor-element elementor-element-b6fd724 elementor-widget elementor-widget-text-editor\" data-id=\"b6fd724\" data-element_type=\"widget\" data-widget_type=\"text-editor.default\">\n<div class=\"elementor-widget-container\">\n<p style=\"text-align: left;\"><span style=\"font-weight: 400;\">El informe de Movilidad Humana en el Ecuador del\u00a0 a\u00f1o 2011 <\/span><span style=\"font-weight: 400;\">recoge algunas de las principales problem\u00e1ticas de derechos humanos referidas a movilidad humana, al tiempo que busca ubicar sus causas y nudos cr\u00edticos, para lo cual se examinaron la normativa, las pol\u00edticas y las pr\u00e1cticas institucionales, a partir de las obligaciones del Estado en materia de derechos humanos, particularmente de las personas en movilidad. Debido a la complejidad del tema y a la naturaleza del informe, \u00e9ste no agota \u2212ni pretende agotar\u2212 el an\u00e1lisis de la problem\u00e1tica concerniente a la movilidad humana, sino que se limita a poner en evidencia los aspectos que requieren atenci\u00f3n y respuestas oportunas para evitar vulneraciones a estos derechos.\u00a0<\/span><\/p>\n<p><span style=\"font-weight: 400;\">Por otra parte, el informe ofrece informaci\u00f3n general sobre los derechos de las personas en movilidad humana, en particular los concernientes al derecho a migrar, y detiene la mirada en el an\u00e1lisis de ciertos derechos que han tenido relevancia en el per\u00edodo, tales como el derecho a la identidad y a la educaci\u00f3n.<\/span><\/p>\n<p><span style=\"font-weight: 400;\">En este contexto, se cre\u00f3 una campa\u00f1a comunicacional con cu\u00f1as y microprogramas, que buscan sensibilizar a la poblaci\u00f3n sobre los roles que desempe\u00f1an los diferentes Consejos y Juntas Cantonales de protecci\u00f3n de derechos, as\u00ed como, sobre sus ejes de trabajo. <\/span><\/p>\n<\/div>\n<\/div>\n<\/div>\n<\/div>\n<\/div>\n<\/section>\n<\/div>\n<\/div>\n<\/div>\n<\/div>\n<\/div>\n<\/section>\n<p>[\/vc_column_text][\/vc_column][\/vc_row][vc_row][vc_column][vc_column_text]<\/p>\n<h2 style=\"text-align: center;\">PRODUCTOS REALIZADOS<\/h2>\n<p>[\/vc_column_text][\/vc_column][\/vc_row][vc_row][vc_column width=\u00bb1\/3&#8243;][\/vc_column][vc_column width=\u00bb1\/3&#8243;][vc_row_inner][vc_column_inner][vc_btn title=\u00bb\u00bb color=\u00bbwarning\u00bb align=\u00bbcenter\u00bb i_icon_fontawesome=\u00bbfas fa-music\u00bb add_icon=\u00bbtrue\u00bb link=\u00bburl:https%3A%2F%2Fwww.ivoox.com%2Fpodcast-fortalecimiento-a-consejos-juntas-cantonales_sq_f1751715_1.html\u00bb][\/vc_column_inner][\/vc_row_inner][\/vc_column][vc_column width=\u00bb1\/3&#8243;][\/vc_column][\/vc_row]<\/p>\n<\/div>","protected":false},"excerpt":{"rendered":"<p>[vc_row full_width=\u00bbstretch_row\u00bb][vc_column][vc_single_image image=\u00bb779&#8243; img_size=\u00bbfull\u00bb alignment=\u00bbcenter\u00bb][\/vc_column][\/vc_row][vc_row][vc_column width=\u00bb1\/2&#8243;][vc_single_image image=\u00bb763&#8243; img_size=\u00bbfull\u00bb][\/vc_column][vc_column width=\u00bb1\/2&#8243;][vc_column_text] El informe de Movilidad Humana en el Ecuador del\u00a0 a\u00f1o 2011 recoge algunas de las principales problem\u00e1ticas de derechos humanos referidas a movilidad humana, al tiempo que busca ubicar sus causas y nudos cr\u00edticos, para lo cual se examinaron la normativa, las pol\u00edticas y las pr\u00e1cticas&hellip;<\/p>\n","protected":false},"author":1,"featured_media":763,"comment_status":"closed","ping_status":"closed","sticky":false,"template":"","format":"standard","meta":{"footnotes":""},"categories":[19,25],"tags":[],"class_list":["post-526","post","type-post","status-publish","format-standard","has-post-thumbnail","hentry","category-proyectos","category-unhcr-acnur","category-19","category-25","description-off"],"_links":{"self":[{"href":"https:\/\/organizacion.corape.org.ec\/index.php\/wp-json\/wp\/v2\/posts\/526","targetHints":{"allow":["GET"]}}],"collection":[{"href":"https:\/\/organizacion.corape.org.ec\/index.php\/wp-json\/wp\/v2\/posts"}],"about":[{"href":"https:\/\/organizacion.corape.org.ec\/index.php\/wp-json\/wp\/v2\/types\/post"}],"author":[{"embeddable":true,"href":"https:\/\/organizacion.corape.org.ec\/index.php\/wp-json\/wp\/v2\/users\/1"}],"replies":[{"embeddable":true,"href":"https:\/\/organizacion.corape.org.ec\/index.php\/wp-json\/wp\/v2\/comments?post=526"}],"version-history":[{"count":11,"href":"https:\/\/organizacion.corape.org.ec\/index.php\/wp-json\/wp\/v2\/posts\/526\/revisions"}],"predecessor-version":[{"id":1871,"href":"https:\/\/organizacion.corape.org.ec\/index.php\/wp-json\/wp\/v2\/posts\/526\/revisions\/1871"}],"wp:featuredmedia":[{"embeddable":true,"href":"https:\/\/organizacion.corape.org.ec\/index.php\/wp-json\/wp\/v2\/media\/763"}],"wp:attachment":[{"href":"https:\/\/organizacion.corape.org.ec\/index.php\/wp-json\/wp\/v2\/media?parent=526"}],"wp:term":[{"taxonomy":"category","embeddable":true,"href":"https:\/\/organizacion.corape.org.ec\/index.php\/wp-json\/wp\/v2\/categories?post=526"},{"taxonomy":"post_tag","embeddable":true,"href":"https:\/\/organizacion.corape.org.ec\/index.php\/wp-json\/wp\/v2\/tags?post=526"}],"curies":[{"name":"wp","href":"https:\/\/api.w.org\/{rel}","templated":true}]}}