{"id":515,"date":"2022-02-07T17:53:12","date_gmt":"2022-02-07T17:53:12","guid":{"rendered":"https:\/\/organizacion.corape.org.ec\/?p=515"},"modified":"2024-11-26T18:50:55","modified_gmt":"2024-11-26T18:50:55","slug":"capacitacion-y-produccion-de-contenidos-periodisticos-para-informar-en-torno-al-covid-19-dirigido-a-comunicadoras-es-indigenas-del-ecuador","status":"publish","type":"post","link":"https:\/\/organizacion.corape.org.ec\/index.php\/2022\/02\/07\/capacitacion-y-produccion-de-contenidos-periodisticos-para-informar-en-torno-al-covid-19-dirigido-a-comunicadoras-es-indigenas-del-ecuador\/","title":{"rendered":"Capacitaci\u00f3n y producci\u00f3n de contenidos period\u00edsticos para informar en torno al covid-19 dirigido a comunicadoras\/es ind\u00edgenas del ecuador"},"content":{"rendered":"<div class=\"wpb-content-wrapper\"><p>[vc_row full_width=\u00bbstretch_row_content\u00bb][vc_column]<div class=\"ult-spacer spacer-69f43e32a2512\" data-id=\"69f43e32a2512\" data-height=\"100\" data-height-mobile=\"100\" data-height-tab=\"100\" data-height-tab-portrait=\"\" data-height-mobile-landscape=\"\" style=\"clear:both;display:block;\"><\/div>[vc_single_image image=\u00bb786&#8243; img_size=\u00bbfull\u00bb alignment=\u00bbcenter\u00bb][\/vc_column][\/vc_row][vc_row gap=\u00bb25&#8243;][vc_column width=\u00bb1\/2&#8243;]<div class=\"ult-spacer spacer-69f43e32a253c\" data-id=\"69f43e32a253c\" data-height=\"100\" data-height-mobile=\"100\" data-height-tab=\"100\" data-height-tab-portrait=\"\" data-height-mobile-landscape=\"\" style=\"clear:both;display:block;\"><\/div>[vc_single_image image=\u00bb770&#8243; img_size=\u00bbfull\u00bb alignment=\u00bbcenter\u00bb][\/vc_column][vc_column width=\u00bb1\/2&#8243;][vc_column_text]<\/p>\n<section class=\"elementor-section elementor-top-section elementor-element elementor-element-be01d5e elementor-section-boxed elementor-section-height-default elementor-section-height-default\" data-id=\"be01d5e\" data-element_type=\"section\">\n<div class=\"elementor-container elementor-column-gap-default\">\n<div class=\"elementor-column elementor-col-50 elementor-top-column elementor-element elementor-element-b0a1a47\" data-id=\"b0a1a47\" data-element_type=\"column\">\n<div class=\"elementor-widget-wrap elementor-element-populated\">\n<div class=\"elementor-element elementor-element-0261265 elementor-widget elementor-widget-text-editor\" data-id=\"0261265\" data-element_type=\"widget\" data-widget_type=\"text-editor.default\">\n<div class=\"elementor-widget-container\">\n<section class=\"elementor-section elementor-top-section elementor-element elementor-element-83d53aa elementor-section-boxed elementor-section-height-default elementor-section-height-default\" data-id=\"83d53aa\" data-element_type=\"section\">\n<div class=\"elementor-container elementor-column-gap-default\">\n<div class=\"elementor-column elementor-col-50 elementor-top-column elementor-element elementor-element-1daea14\" data-id=\"1daea14\" data-element_type=\"column\">\n<div class=\"elementor-widget-wrap elementor-element-populated\">\n<div class=\"elementor-element elementor-element-f856a71 elementor-widget elementor-widget-text-editor\" data-id=\"f856a71\" data-element_type=\"widget\" data-widget_type=\"text-editor.default\">\n<div class=\"elementor-widget-container\">\n<p style=\"text-align: justify;\">La pandemia del Covid- 19 es una problem\u00e1tica que impacta sectores sociales, econ\u00f3micos, de salud e informaci\u00f3n, por ello CORAPE La Coordinadora de Medios Comunitarios Populares y Educativos del Ecuador en colaboraci\u00f3n con INTERNEWS organizaci\u00f3n internacional sin fines de lucro, trabaj\u00f3 en el proyecto Capacitaci\u00f3n de contenidos period\u00edsticos para informar en torno al covid-19 dirigido a comunicadoras\/es ind\u00edgenas del ecuador, en el periodo de diciembre 2020 a junio 2021.<\/p>\n<p style=\"text-align: justify;\">Este proyecto tiene como objetivo incrementar el acceso a informaci\u00f3n precisa y culturalmente adecuada respecto al covid-19, para que puedan generar y\/o producir informaci\u00f3n ver\u00eddica, con un enfoque de g\u00e9nero, pedag\u00f3gico, \u00e9tico y responsable. En esta capacitaci\u00f3n participaron 20 comunicadoras y comunicadoras de la Amazonia.<\/p>\n<p style=\"text-align: justify;\">El trabajo consisti\u00f3 en levantamiento de necesidades comunicacionales de los participantes en sus diversos territorios, con lo cual se gener\u00f3 la estructura del contenido de la capacitaci\u00f3n. En un segundo momento en el aprendizaje se cre\u00f3 un aula virtual centrada en la consolidaci\u00f3n de contenidos informativos en torno a la COVID-19 y direccionada a la creaci\u00f3n de productos comunicacionales desde el celular. Para finalizar el proyecto, CORAPE realizar\u00e1 videos, infograf\u00edas y cu\u00f1as; mientras que sus participantes realizar\u00e1n productos comunicacionales en video, audio y texto informativo.<\/p>\n<\/div>\n<\/div>\n<\/div>\n<\/div>\n<\/div>\n<\/section>\n<section class=\"elementor-section elementor-top-section elementor-element elementor-element-ae6d177 elementor-section-boxed elementor-section-height-default elementor-section-height-default\" data-id=\"ae6d177\" data-element_type=\"section\">\n<div class=\"elementor-container elementor-column-gap-default\">\n<div class=\"elementor-column elementor-col-100 elementor-top-column elementor-element elementor-element-a983557\" data-id=\"a983557\" data-element_type=\"column\">\n<div class=\"elementor-widget-wrap elementor-element-populated\">\n<div class=\"elementor-element elementor-element-4653568 elementor-widget elementor-widget-heading\" data-id=\"4653568\" data-element_type=\"widget\" data-widget_type=\"heading.default\">\n<div class=\"elementor-widget-container\"><\/div>\n<\/div>\n<\/div>\n<\/div>\n<\/div>\n<\/section>\n<\/div>\n<\/div>\n<\/div>\n<\/div>\n<\/div>\n<\/section>\n<section class=\"elementor-section elementor-top-section elementor-element elementor-element-2fdbac7 elementor-section-boxed elementor-section-height-default elementor-section-height-default\" data-id=\"2fdbac7\" data-element_type=\"section\">\n<div class=\"elementor-container elementor-column-gap-default\">\n<div class=\"elementor-column elementor-col-100 elementor-top-column elementor-element elementor-element-f7438c1\" data-id=\"f7438c1\" data-element_type=\"column\">\n<div class=\"elementor-widget-wrap elementor-element-populated\">\n<div class=\"elementor-element elementor-element-90ae5e5 elementor-widget elementor-widget-heading\" data-id=\"90ae5e5\" data-element_type=\"widget\" data-widget_type=\"heading.default\">\n<div class=\"elementor-widget-container\" style=\"text-align: justify;\"><\/div>\n<\/div>\n<\/div>\n<\/div>\n<\/div>\n<\/section>\n<p>[\/vc_column_text][\/vc_column][\/vc_row][vc_row][vc_column][vc_column_text]<\/p>\n<h2 style=\"text-align: center;\">PRODUCTOS REALIZADOS<\/h2>\n<p>[\/vc_column_text][\/vc_column][\/vc_row][vc_row][vc_column width=\u00bb1\/3&#8243;][\/vc_column][vc_column width=\u00bb1\/3&#8243;][vc_row_inner][vc_column_inner width=\u00bb1\/4&#8243;][vc_btn title=\u00bb\u00bb color=\u00bbdanger\u00bb align=\u00bbcenter\u00bb i_icon_fontawesome=\u00bbfab fa-youtube\u00bb add_icon=\u00bbtrue\u00bb link=\u00bburl:https%3A%2F%2Fwww.youtube.com%2Fwatch%3Fv%3DD3UgmkDJhR8%26list%3DPLW9tPsD0XDoXs4fvVL-riNdMXYsF0gfaC\u00bb][\/vc_column_inner][vc_column_inner width=\u00bb1\/4&#8243;][vc_btn title=\u00bb\u00bb color=\u00bbprimary\u00bb align=\u00bbcenter\u00bb i_icon_fontawesome=\u00bbfab fa-facebook-f\u00bb add_icon=\u00bbtrue\u00bb link=\u00bburl:https%3A%2F%2Fwww.facebook.com%2Fperiodistasamazoniaec%2F\u00bb][\/vc_column_inner][vc_column_inner width=\u00bb1\/4&#8243;][vc_btn title=\u00bb\u00bb color=\u00bbwarning\u00bb align=\u00bbcenter\u00bb i_icon_fontawesome=\u00bbfas fa-music\u00bb add_icon=\u00bbtrue\u00bb link=\u00bburl:https%3A%2F%2Fwww.ivoox.com%2Fcunas-covid_bk_list_9840301_1.html\u00bb][\/vc_column_inner][\/vc_row_inner][\/vc_column][vc_column width=\u00bb1\/3&#8243;][\/vc_column][\/vc_row]<\/p>\n<\/div>","protected":false},"excerpt":{"rendered":"<p>[vc_row full_width=\u00bbstretch_row_content\u00bb][vc_column][vc_single_image image=\u00bb786&#8243; img_size=\u00bbfull\u00bb alignment=\u00bbcenter\u00bb][\/vc_column][\/vc_row][vc_row gap=\u00bb25&#8243;][vc_column width=\u00bb1\/2&#8243;][vc_single_image image=\u00bb770&#8243; img_size=\u00bbfull\u00bb alignment=\u00bbcenter\u00bb][\/vc_column][vc_column width=\u00bb1\/2&#8243;][vc_column_text] La pandemia del Covid- 19 es una problem\u00e1tica que impacta sectores sociales, econ\u00f3micos, de salud e informaci\u00f3n, por ello CORAPE La Coordinadora de Medios Comunitarios Populares y Educativos del Ecuador en colaboraci\u00f3n con INTERNEWS organizaci\u00f3n internacional sin fines de lucro, trabaj\u00f3 en el proyecto&hellip;<\/p>\n","protected":false},"author":1,"featured_media":770,"comment_status":"closed","ping_status":"closed","sticky":false,"template":"","format":"standard","meta":{"footnotes":""},"categories":[46,24,19],"tags":[],"class_list":["post-515","post","type-post","status-publish","format-standard","has-post-thumbnail","hentry","category-fortalecimientos-medios-de-comunicacion-comunitarios","category-internews","category-proyectos","category-46","category-24","category-19","description-off"],"_links":{"self":[{"href":"https:\/\/organizacion.corape.org.ec\/index.php\/wp-json\/wp\/v2\/posts\/515","targetHints":{"allow":["GET"]}}],"collection":[{"href":"https:\/\/organizacion.corape.org.ec\/index.php\/wp-json\/wp\/v2\/posts"}],"about":[{"href":"https:\/\/organizacion.corape.org.ec\/index.php\/wp-json\/wp\/v2\/types\/post"}],"author":[{"embeddable":true,"href":"https:\/\/organizacion.corape.org.ec\/index.php\/wp-json\/wp\/v2\/users\/1"}],"replies":[{"embeddable":true,"href":"https:\/\/organizacion.corape.org.ec\/index.php\/wp-json\/wp\/v2\/comments?post=515"}],"version-history":[{"count":14,"href":"https:\/\/organizacion.corape.org.ec\/index.php\/wp-json\/wp\/v2\/posts\/515\/revisions"}],"predecessor-version":[{"id":2164,"href":"https:\/\/organizacion.corape.org.ec\/index.php\/wp-json\/wp\/v2\/posts\/515\/revisions\/2164"}],"wp:featuredmedia":[{"embeddable":true,"href":"https:\/\/organizacion.corape.org.ec\/index.php\/wp-json\/wp\/v2\/media\/770"}],"wp:attachment":[{"href":"https:\/\/organizacion.corape.org.ec\/index.php\/wp-json\/wp\/v2\/media?parent=515"}],"wp:term":[{"taxonomy":"category","embeddable":true,"href":"https:\/\/organizacion.corape.org.ec\/index.php\/wp-json\/wp\/v2\/categories?post=515"},{"taxonomy":"post_tag","embeddable":true,"href":"https:\/\/organizacion.corape.org.ec\/index.php\/wp-json\/wp\/v2\/tags?post=515"}],"curies":[{"name":"wp","href":"https:\/\/api.w.org\/{rel}","templated":true}]}}