{"id":509,"date":"2022-02-07T17:47:27","date_gmt":"2022-02-07T17:47:27","guid":{"rendered":"https:\/\/organizacion.corape.org.ec\/?p=509"},"modified":"2024-11-26T18:48:05","modified_gmt":"2024-11-26T18:48:05","slug":"nos-tomamos-la-wiki-para-el-fortalecimiento-de-la-cosmovision-de-los-pueblos-y-nacionalidades-del-ecuador","status":"publish","type":"post","link":"https:\/\/organizacion.corape.org.ec\/index.php\/2022\/02\/07\/nos-tomamos-la-wiki-para-el-fortalecimiento-de-la-cosmovision-de-los-pueblos-y-nacionalidades-del-ecuador\/","title":{"rendered":"Nos tomamos la wiki, para el fortalecimiento de la cosmovisi\u00f3n de los pueblos y nacionalidades del Ecuador"},"content":{"rendered":"<div class=\"wpb-content-wrapper\"><p>[vc_row full_width=\u00bbstretch_row\u00bb][vc_column]<div class=\"ult-spacer spacer-69f43e31af20f\" data-id=\"69f43e31af20f\" data-height=\"100\" data-height-mobile=\"100\" data-height-tab=\"100\" data-height-tab-portrait=\"\" data-height-mobile-landscape=\"\" style=\"clear:both;display:block;\"><\/div>[vc_single_image image=\u00bb794&#8243; img_size=\u00bbfull\u00bb alignment=\u00bbcenter\u00bb][\/vc_column][\/vc_row][vc_row][vc_column width=\u00bb1\/2&#8243;][vc_single_image image=\u00bb778&#8243; img_size=\u00bbfull\u00bb alignment=\u00bbcenter\u00bb][\/vc_column][vc_column width=\u00bb1\/2&#8243;][vc_column_text]<\/p>\n<section class=\"elementor-section elementor-top-section elementor-element elementor-element-be01d5e elementor-section-boxed elementor-section-height-default elementor-section-height-default\" data-id=\"be01d5e\" data-element_type=\"section\">\n<div class=\"elementor-container elementor-column-gap-default\">\n<div class=\"elementor-column elementor-col-50 elementor-top-column elementor-element elementor-element-b0a1a47\" data-id=\"b0a1a47\" data-element_type=\"column\">\n<div class=\"elementor-widget-wrap elementor-element-populated\">\n<div class=\"elementor-element elementor-element-0261265 elementor-widget elementor-widget-text-editor\" data-id=\"0261265\" data-element_type=\"widget\" data-widget_type=\"text-editor.default\">\n<div class=\"elementor-widget-container\">\n<p style=\"text-align: justify;\">El objetivo de este proyecto es visibilizar la cultura, identidad, historia, gastronom\u00eda, m\u00fasica de los pueblos y nacionalidades en plataformas digitales como el Centro de Documentaci\u00f3n Virtual de CORAPE y Wikipedia en espa\u00f1ol. El primero como fuente de investigaci\u00f3n y de producci\u00f3n de piezas period\u00edsticas elaboradas por los mismos representantes de los pueblos originarios; y la segunda como una plataforma de construcci\u00f3n de conocimiento colaborativo para corregir los contenidos err\u00f3neos que describen a nuestras culturas y narrar su identidad desde la voz de los protagonistas<\/p>\n<\/div>\n<\/div>\n<\/div>\n<\/div>\n<\/div>\n<\/section>\n<section class=\"elementor-section elementor-top-section elementor-element elementor-element-2fdbac7 elementor-section-boxed elementor-section-height-default elementor-section-height-default\" data-id=\"2fdbac7\" data-element_type=\"section\">\n<div class=\"elementor-container elementor-column-gap-default\">\n<div class=\"elementor-column elementor-col-100 elementor-top-column elementor-element elementor-element-f7438c1\" data-id=\"f7438c1\" data-element_type=\"column\">\n<div class=\"elementor-widget-wrap elementor-element-populated\">\n<div class=\"elementor-element elementor-element-90ae5e5 elementor-widget elementor-widget-heading\" data-id=\"90ae5e5\" data-element_type=\"widget\" data-widget_type=\"heading.default\">\n<div class=\"elementor-widget-container\" style=\"text-align: justify;\"><\/div>\n<\/div>\n<\/div>\n<\/div>\n<\/div>\n<\/section>\n<p>[\/vc_column_text][\/vc_column][\/vc_row][vc_row][vc_column][vc_column_text]<\/p>\n<h2 style=\"text-align: center;\">PRODUCTOS REALIZADOS<\/h2>\n<p>[\/vc_column_text][\/vc_column][\/vc_row][vc_row][vc_column width=\u00bb1\/3&#8243;][\/vc_column][vc_column width=\u00bb1\/3&#8243;][vc_row_inner][vc_column_inner][vc_btn title=\u00bb\u00bb color=\u00bbdefault\u00bb align=\u00bbcenter\u00bb i_icon_fontawesome=\u00bbfas fa-mouse\u00bb add_icon=\u00bbtrue\u00bb link=\u00bburl:https%3A%2F%2Fcentrodocumental.corape.org.ec%2F\u00bb][\/vc_column_inner][\/vc_row_inner][\/vc_column][vc_column width=\u00bb1\/3&#8243;][\/vc_column][\/vc_row]<\/p>\n<\/div>","protected":false},"excerpt":{"rendered":"<p>[vc_row full_width=\u00bbstretch_row\u00bb][vc_column][vc_single_image image=\u00bb794&#8243; img_size=\u00bbfull\u00bb alignment=\u00bbcenter\u00bb][\/vc_column][\/vc_row][vc_row][vc_column width=\u00bb1\/2&#8243;][vc_single_image image=\u00bb778&#8243; img_size=\u00bbfull\u00bb alignment=\u00bbcenter\u00bb][\/vc_column][vc_column width=\u00bb1\/2&#8243;][vc_column_text] El objetivo de este proyecto es visibilizar la cultura, identidad, historia, gastronom\u00eda, m\u00fasica de los pueblos y nacionalidades en plataformas digitales como el Centro de Documentaci\u00f3n Virtual de CORAPE y Wikipedia en espa\u00f1ol. El primero como fuente de investigaci\u00f3n y de producci\u00f3n de piezas period\u00edsticas&hellip;<\/p>\n","protected":false},"author":1,"featured_media":778,"comment_status":"closed","ping_status":"closed","sticky":false,"template":"","format":"standard","meta":{"footnotes":""},"categories":[23,45,19],"tags":[],"class_list":["post-509","post","type-post","status-publish","format-standard","has-post-thumbnail","hentry","category-dw-akademie","category-interculturalidad","category-proyectos","category-23","category-45","category-19","description-off"],"_links":{"self":[{"href":"https:\/\/organizacion.corape.org.ec\/index.php\/wp-json\/wp\/v2\/posts\/509","targetHints":{"allow":["GET"]}}],"collection":[{"href":"https:\/\/organizacion.corape.org.ec\/index.php\/wp-json\/wp\/v2\/posts"}],"about":[{"href":"https:\/\/organizacion.corape.org.ec\/index.php\/wp-json\/wp\/v2\/types\/post"}],"author":[{"embeddable":true,"href":"https:\/\/organizacion.corape.org.ec\/index.php\/wp-json\/wp\/v2\/users\/1"}],"replies":[{"embeddable":true,"href":"https:\/\/organizacion.corape.org.ec\/index.php\/wp-json\/wp\/v2\/comments?post=509"}],"version-history":[{"count":10,"href":"https:\/\/organizacion.corape.org.ec\/index.php\/wp-json\/wp\/v2\/posts\/509\/revisions"}],"predecessor-version":[{"id":1417,"href":"https:\/\/organizacion.corape.org.ec\/index.php\/wp-json\/wp\/v2\/posts\/509\/revisions\/1417"}],"wp:featuredmedia":[{"embeddable":true,"href":"https:\/\/organizacion.corape.org.ec\/index.php\/wp-json\/wp\/v2\/media\/778"}],"wp:attachment":[{"href":"https:\/\/organizacion.corape.org.ec\/index.php\/wp-json\/wp\/v2\/media?parent=509"}],"wp:term":[{"taxonomy":"category","embeddable":true,"href":"https:\/\/organizacion.corape.org.ec\/index.php\/wp-json\/wp\/v2\/categories?post=509"},{"taxonomy":"post_tag","embeddable":true,"href":"https:\/\/organizacion.corape.org.ec\/index.php\/wp-json\/wp\/v2\/tags?post=509"}],"curies":[{"name":"wp","href":"https:\/\/api.w.org\/{rel}","templated":true}]}}