{"id":505,"date":"2024-11-16T17:44:08","date_gmt":"2024-11-16T17:44:08","guid":{"rendered":"https:\/\/organizacion.corape.org.ec\/?p=505"},"modified":"2024-11-26T19:04:21","modified_gmt":"2024-11-26T19:04:21","slug":"fortalecimiento-a-la-red-intercultural-amazonica-de-radios-riar","status":"publish","type":"post","link":"https:\/\/organizacion.corape.org.ec\/index.php\/2024\/11\/16\/fortalecimiento-a-la-red-intercultural-amazonica-de-radios-riar\/","title":{"rendered":"Fortalecimiento a la Red Intercultural Amaz\u00f3nica de Radios (RIAR) 2020-2022"},"content":{"rendered":"<div class=\"wpb-content-wrapper\"><p>[vc_row full_width=\u00bbstretch_row\u00bb][vc_column]<div class=\"ult-spacer spacer-69f43e2deb315\" data-id=\"69f43e2deb315\" data-height=\"100\" data-height-mobile=\"100\" data-height-tab=\"100\" data-height-tab-portrait=\"\" data-height-mobile-landscape=\"\" style=\"clear:both;display:block;\"><\/div>[vc_single_image image=\u00bb792&#8243; img_size=\u00bbfull\u00bb alignment=\u00bbcenter\u00bb][\/vc_column][\/vc_row][vc_row gap=\u00bb15&#8243;][vc_column width=\u00bb1\/2&#8243;][vc_single_image image=\u00bb1598&#8243; img_size=\u00bbfull\u00bb alignment=\u00bbcenter\u00bb][\/vc_column][vc_column width=\u00bb1\/2&#8243;][vc_column_text]<\/p>\n<p style=\"text-align: justify;\">A inicios de 2020, una nueva ruta de cooperaci\u00f3n surgi\u00f3 como parte de un proyecto regional. Este proyecto es gestionado desde Colombia, con componente hacia Ecuador y Per\u00fa. Su principal objetivo es construir una alianza que fomente el di\u00e1logo y el debate sobre medioambiente y derechos humanos.<\/p>\n<p style=\"text-align: justify;\">En el caso de Ecuador este proyecto toma cuerpo bajo el nombre de \u201cMedios Comunitarios, Red Amaz\u00f3nica Ecuador\u201d. El proyecto se centra fortalecer las capacidades de los medios que componen la Red Intercultural Amaz\u00f3nica de Radios (RIAR) desde procesos de formaci\u00f3n, producci\u00f3n y difusi\u00f3n de las realidades Amaz\u00f3nicas que afectan al\u00a0 medio ambiente.<\/p>\n<p style=\"text-align: justify;\">Este proyecto regional tiene una duraci\u00f3n de tres a\u00f1os comprendidos entre 2020 y 2022.<\/p>\n<p>En los \u00edconos podr\u00e1n encontrar todos los productos realizados a lo largo de estos a\u00f1os de proyecto.[\/vc_column_text][\/vc_column][\/vc_row][vc_row][vc_column][vc_column_text]<\/p>\n<h2 style=\"text-align: center;\">PRODUCTOS REALIZADOS<\/h2>\n<p>[\/vc_column_text][\/vc_column][\/vc_row][vc_row][vc_column width=\u00bb1\/3&#8243;][\/vc_column][vc_column width=\u00bb1\/3&#8243;][vc_row_inner][vc_column_inner width=\u00bb1\/6&#8243;][vc_btn title=\u00bb\u00bb color=\u00bbjuicy-pink\u00bb i_icon_fontawesome=\u00bbfas fa-caret-square-right\u00bb add_icon=\u00bbtrue\u00bb link=\u00bburl:https%3A%2F%2Fwww.youtube.com%2Fwatch%3Fv%3D0ADhFvhFXZw%26list%3DPLW9tPsD0XDoU3jkZkKp7PCSTey4xm0hn5&#8243;][\/vc_column_inner][vc_column_inner width=\u00bb1\/6&#8243;][vc_btn title=\u00bb\u00bb color=\u00bbviolet\u00bb i_icon_fontawesome=\u00bbfab fa-flickr\u00bb add_icon=\u00bbtrue\u00bb link=\u00bburl:https%3A%2F%2Fwww.flickr.com%2Fphotos%2Fcorape%2Fsets%2F72157719412408471%2F\u00bb][\/vc_column_inner][vc_column_inner width=\u00bb1\/6&#8243;][vc_btn title=\u00bb\u00bb color=\u00bbwarning\u00bb i_icon_fontawesome=\u00bbfas fa-music\u00bb add_icon=\u00bbtrue\u00bb link=\u00bburl:https%3A%2F%2Fwww.ivoox.com%2Fpodcast-reportajes-riar_sq_f11617136_1.html\u00bb][\/vc_column_inner][vc_column_inner width=\u00bb1\/6&#8243;][vc_btn title=\u00bb\u00bb color=\u00bbinverse\u00bb i_icon_fontawesome=\u00bbfas fa-book-open\u00bb add_icon=\u00bbtrue\u00bb link=\u00bburl:https%3A%2F%2Forganizacion.corape.org.ec%2Findex.php%2Ffortalezimiento_intercultural_amazonica_riar_pds%2F\u00bb][\/vc_column_inner][vc_column_inner width=\u00bb1\/6&#8243;][vc_btn title=\u00bb\u00bb color=\u00bbwarning\u00bb i_icon_fontawesome=\u00bbfas fa-microphone\u00bb add_icon=\u00bbtrue\u00bb link=\u00bburl:https%3A%2F%2Fwww.facebook.com%2Fwatch%2F100064486520813%2F1730803340650522%2F\u00bb][\/vc_column_inner][\/vc_row_inner][vc_row_inner][vc_column_inner width=\u00bb1\/5&#8243;][vc_btn title=\u00bb\u00bb color=\u00bbblue\u00bb i_icon_fontawesome=\u00bbfab fa-facebook\u00bb add_icon=\u00bbtrue\u00bb link=\u00bburl:https%3A%2F%2Ffb.watch%2Fh8KK7haVzr%2F\u00bb][\/vc_column_inner][vc_column_inner width=\u00bb1\/5&#8243;][vc_btn title=\u00bb\u00bb color=\u00bbsuccess\u00bb i_icon_fontawesome=\u00bbfab fa-android\u00bb add_icon=\u00bbtrue\u00bb link=\u00bburl:https%3A%2F%2Fwww.facebook.com%2Fstory.php%3Fstory_fbid%3Dpfbid02xshKe2DzaZh1tCJTrYzqMKcnXqgSTk6ZWvT5n2sZjGFPdaxtKRb1wqCbX3zzxxvel%26id%3D402108326945016&#8243;][\/vc_column_inner][vc_column_inner width=\u00bb1\/5&#8243;][vc_btn title=\u00bb\u00bb color=\u00bbpeacoc\u00bb i_icon_fontawesome=\u00bbfas fa-mouse\u00bb add_icon=\u00bbtrue\u00bb link=\u00bburl:https%3A%2F%2Forganizacion.corape.org.ec%2Findex.php%2Fcursos-riar%2F\u00bb][\/vc_column_inner][vc_column_inner width=\u00bb1\/5&#8243;][vc_btn title=\u00bb\u00bb color=\u00bbdanger\u00bb i_icon_fontawesome=\u00bbfab fa-youtube\u00bb add_icon=\u00bbtrue\u00bb link=\u00bburl:https%3A%2F%2Fwww.youtube.com%2Fwatch%3Fv%3DFoCujLkE788%26list%3DPLu0lQ0nd45sdKL_NzcsDFzDzrwEt_iYl8&#8243;][\/vc_column_inner][vc_column_inner width=\u00bb1\/5&#8243;][vc_btn title=\u00bb\u00bb color=\u00bbgreen\u00bb i_icon_fontawesome=\u00bbfas fa-play\u00bb add_icon=\u00bbtrue\u00bb link=\u00bburl:https%3A%2F%2Fradio.corape.org.ec%2Fproduccion%2Ftag%2Famazonia-especial\u00bb][\/vc_column_inner][\/vc_row_inner][\/vc_column][vc_column width=\u00bb1\/3&#8243;][\/vc_column][\/vc_row]<\/p>\n<\/div>","protected":false},"excerpt":{"rendered":"<p>[vc_row full_width=\u00bbstretch_row\u00bb][vc_column][vc_single_image image=\u00bb792&#8243; img_size=\u00bbfull\u00bb alignment=\u00bbcenter\u00bb][\/vc_column][\/vc_row][vc_row gap=\u00bb15&#8243;][vc_column width=\u00bb1\/2&#8243;][vc_single_image image=\u00bb1598&#8243; img_size=\u00bbfull\u00bb alignment=\u00bbcenter\u00bb][\/vc_column][vc_column width=\u00bb1\/2&#8243;][vc_column_text] A inicios de 2020, una nueva ruta de cooperaci\u00f3n surgi\u00f3 como parte de un proyecto regional. Este proyecto es gestionado desde Colombia, con componente hacia Ecuador y Per\u00fa. Su principal objetivo es construir una alianza que fomente el di\u00e1logo y el debate sobre medioambiente&hellip;<\/p>\n","protected":false},"author":1,"featured_media":1598,"comment_status":"closed","ping_status":"closed","sticky":false,"template":"","format":"standard","meta":{"footnotes":""},"categories":[44,23,19],"tags":[40],"class_list":["post-505","post","type-post","status-publish","format-standard","has-post-thumbnail","hentry","category-ambiente","category-dw-akademie","category-proyectos","tag-riosvoladores","category-44","category-23","category-19","description-off"],"_links":{"self":[{"href":"https:\/\/organizacion.corape.org.ec\/index.php\/wp-json\/wp\/v2\/posts\/505","targetHints":{"allow":["GET"]}}],"collection":[{"href":"https:\/\/organizacion.corape.org.ec\/index.php\/wp-json\/wp\/v2\/posts"}],"about":[{"href":"https:\/\/organizacion.corape.org.ec\/index.php\/wp-json\/wp\/v2\/types\/post"}],"author":[{"embeddable":true,"href":"https:\/\/organizacion.corape.org.ec\/index.php\/wp-json\/wp\/v2\/users\/1"}],"replies":[{"embeddable":true,"href":"https:\/\/organizacion.corape.org.ec\/index.php\/wp-json\/wp\/v2\/comments?post=505"}],"version-history":[{"count":53,"href":"https:\/\/organizacion.corape.org.ec\/index.php\/wp-json\/wp\/v2\/posts\/505\/revisions"}],"predecessor-version":[{"id":1849,"href":"https:\/\/organizacion.corape.org.ec\/index.php\/wp-json\/wp\/v2\/posts\/505\/revisions\/1849"}],"wp:featuredmedia":[{"embeddable":true,"href":"https:\/\/organizacion.corape.org.ec\/index.php\/wp-json\/wp\/v2\/media\/1598"}],"wp:attachment":[{"href":"https:\/\/organizacion.corape.org.ec\/index.php\/wp-json\/wp\/v2\/media?parent=505"}],"wp:term":[{"taxonomy":"category","embeddable":true,"href":"https:\/\/organizacion.corape.org.ec\/index.php\/wp-json\/wp\/v2\/categories?post=505"},{"taxonomy":"post_tag","embeddable":true,"href":"https:\/\/organizacion.corape.org.ec\/index.php\/wp-json\/wp\/v2\/tags?post=505"}],"curies":[{"name":"wp","href":"https:\/\/api.w.org\/{rel}","templated":true}]}}