{"id":501,"date":"2022-02-07T17:35:12","date_gmt":"2022-02-07T17:35:12","guid":{"rendered":"https:\/\/organizacion.corape.org.ec\/?p=501"},"modified":"2024-11-26T18:43:09","modified_gmt":"2024-11-26T18:43:09","slug":"respuesta-radial-a-la-emergencia-covid-19-con-enfoque-intercultural","status":"publish","type":"post","link":"https:\/\/organizacion.corape.org.ec\/index.php\/2022\/02\/07\/respuesta-radial-a-la-emergencia-covid-19-con-enfoque-intercultural\/","title":{"rendered":"Respuesta radial a la emergencia COVID-19 con enfoque intercultural"},"content":{"rendered":"<div class=\"wpb-content-wrapper\"><p>[vc_row full_width=\u00bbstretch_row\u00bb][vc_column]<div class=\"ult-spacer spacer-69f43e3226b6b\" data-id=\"69f43e3226b6b\" data-height=\"100\" data-height-mobile=\"100\" data-height-tab=\"100\" data-height-tab-portrait=\"\" data-height-mobile-landscape=\"\" style=\"clear:both;display:block;\"><\/div>[vc_single_image image=\u00bb782&#8243; img_size=\u00bbfull\u00bb alignment=\u00bbcenter\u00bb][\/vc_column][\/vc_row][vc_row][vc_column width=\u00bb1\/2&#8243;][vc_single_image image=\u00bb1539&#8243; img_size=\u00bbfull\u00bb][\/vc_column][vc_column width=\u00bb1\/2&#8243;][vc_column_text]<\/p>\n<p style=\"text-align: justify;\">CORAPE junto a UNICEF ejecutaron el \u201cProyecto Respuesta a la emergencia COVID-19 CORAPE- UNICEF 2021\u201d, el cual tuvo como objetivo capacitar a comunicadoras\/es\u00a0 y difundir productos comunicacionales con un enfoque intercultural, encaminados a dar una respuesta radial a la emergencia COVID-19.<\/p>\n<p style=\"text-align: justify;\">El proyecto capacit\u00f3 a 20 comunicadoras\/es de las radios comunitarias de la Red CORAPE,\u00a0 junto al apoyo y direcci\u00f3n de especialistas en Salud y Nutrici\u00f3n de UNICEF; por otro lado, se transmiti\u00f3 en cadena a nivel nacional microprogramas radiales a cerca de h\u00e1bitos saludables adaptados al contexto de la COVID-19.<\/p>\n<p style=\"text-align: justify;\">Tambi\u00e9n se capacit\u00f3 a 20 radios de los Pueblos y Nacionalidades del Ecuador en temas referentes a la vacunaci\u00f3n Covid-19, estas capacitaciones fueron dirigidas por especialistas de OPS. A su vez en las radios se difundieron materiales radiof\u00f3nicos en el marco de la campa\u00f1a edu-comunicacional \u201cVacunaci\u00f3n covid-19 en pueblos y nacionalidades\u201d.<\/p>\n<p style=\"text-align: justify;\">Adem\u00e1s, en este proyecto se realiz\u00f3 una cartilla y lonas \u00a0informativas en torno a la vacunaci\u00f3n con enfoque intercultural. Estos productos y mensajes llegaron a gran parte de ni\u00f1os, ni\u00f1as, adolescentes y sus familias en diferentes\u00a0 territorios del pa\u00eds.<\/p>\n<p>[\/vc_column_text][\/vc_column][\/vc_row][vc_row][vc_column][vc_column_text]<\/p>\n<h2 style=\"text-align: center;\">PRODUCTOS REALIZADOS<\/h2>\n<p>[\/vc_column_text][\/vc_column][\/vc_row][vc_row][vc_column width=\u00bb1\/3&#8243;][\/vc_column][vc_column width=\u00bb1\/3&#8243;][vc_row_inner][vc_column_inner width=\u00bb1\/4&#8243;][vc_btn title=\u00bb\u00bb color=\u00bbviolet\u00bb i_icon_fontawesome=\u00bbfab fa-flickr\u00bb add_icon=\u00bbtrue\u00bb link=\u00bburl:https%3A%2F%2Fwww.flickr.com%2Fphotos%2Fcorape%2Fsets%2F72157719766736373%2F\u00bb][\/vc_column_inner][vc_column_inner width=\u00bb1\/4&#8243;][vc_btn title=\u00bb\u00bb color=\u00bbwarning\u00bb i_icon_fontawesome=\u00bbfas fa-music\u00bb add_icon=\u00bbtrue\u00bb link=\u00bburl:https%3A%2F%2Fwww.ivoox.com%2Fpodcast-respuesta-radial-a-emergencia-covid-19_sq_f11350937_1.html\u00bb][\/vc_column_inner][vc_column_inner width=\u00bb1\/4&#8243;][vc_btn title=\u00bb\u00bb color=\u00bbwarning\u00bb i_icon_fontawesome=\u00bbfas fa-play\u00bb add_icon=\u00bbtrue\u00bb link=\u00bburl:https%3A%2F%2Fwww.ivoox.com%2Fmicro-respuesta-radial-a-emergencia-covid-19_bk_list_9840345_1.html\u00bb][\/vc_column_inner][vc_column_inner width=\u00bb1\/4&#8243;][vc_btn title=\u00bb\u00bb color=\u00bbinverse\u00bb i_icon_fontawesome=\u00bbfas fa-book-open\u00bb add_icon=\u00bbtrue\u00bb link=\u00bburl:https%3A%2F%2Fwww.yumpu.com%2Fes%2Fdocument%2Fread%2F65847107%2F7-cartilla-vacunacion-final-1&#8243;][\/vc_column_inner][\/vc_row_inner][\/vc_column][vc_column width=\u00bb1\/3&#8243;][\/vc_column][\/vc_row]<\/p>\n<\/div>","protected":false},"excerpt":{"rendered":"<p>[vc_row full_width=\u00bbstretch_row\u00bb][vc_column][vc_single_image image=\u00bb782&#8243; img_size=\u00bbfull\u00bb alignment=\u00bbcenter\u00bb][\/vc_column][\/vc_row][vc_row][vc_column width=\u00bb1\/2&#8243;][vc_single_image image=\u00bb1539&#8243; img_size=\u00bbfull\u00bb][\/vc_column][vc_column width=\u00bb1\/2&#8243;][vc_column_text] CORAPE junto a UNICEF ejecutaron el \u201cProyecto Respuesta a la emergencia COVID-19 CORAPE- UNICEF 2021\u201d, el cual tuvo como objetivo capacitar a comunicadoras\/es\u00a0 y difundir productos comunicacionales con un enfoque intercultural, encaminados a dar una respuesta radial a la emergencia COVID-19. El proyecto capacit\u00f3 a 20&hellip;<\/p>\n","protected":false},"author":1,"featured_media":1539,"comment_status":"closed","ping_status":"closed","sticky":false,"template":"","format":"standard","meta":{"footnotes":""},"categories":[43,19,22],"tags":[],"class_list":["post-501","post","type-post","status-publish","format-standard","has-post-thumbnail","hentry","category-ninez-adolescencia","category-proyectos","category-unicef","category-43","category-19","category-22","description-off"],"_links":{"self":[{"href":"https:\/\/organizacion.corape.org.ec\/index.php\/wp-json\/wp\/v2\/posts\/501","targetHints":{"allow":["GET"]}}],"collection":[{"href":"https:\/\/organizacion.corape.org.ec\/index.php\/wp-json\/wp\/v2\/posts"}],"about":[{"href":"https:\/\/organizacion.corape.org.ec\/index.php\/wp-json\/wp\/v2\/types\/post"}],"author":[{"embeddable":true,"href":"https:\/\/organizacion.corape.org.ec\/index.php\/wp-json\/wp\/v2\/users\/1"}],"replies":[{"embeddable":true,"href":"https:\/\/organizacion.corape.org.ec\/index.php\/wp-json\/wp\/v2\/comments?post=501"}],"version-history":[{"count":12,"href":"https:\/\/organizacion.corape.org.ec\/index.php\/wp-json\/wp\/v2\/posts\/501\/revisions"}],"predecessor-version":[{"id":1874,"href":"https:\/\/organizacion.corape.org.ec\/index.php\/wp-json\/wp\/v2\/posts\/501\/revisions\/1874"}],"wp:featuredmedia":[{"embeddable":true,"href":"https:\/\/organizacion.corape.org.ec\/index.php\/wp-json\/wp\/v2\/media\/1539"}],"wp:attachment":[{"href":"https:\/\/organizacion.corape.org.ec\/index.php\/wp-json\/wp\/v2\/media?parent=501"}],"wp:term":[{"taxonomy":"category","embeddable":true,"href":"https:\/\/organizacion.corape.org.ec\/index.php\/wp-json\/wp\/v2\/categories?post=501"},{"taxonomy":"post_tag","embeddable":true,"href":"https:\/\/organizacion.corape.org.ec\/index.php\/wp-json\/wp\/v2\/tags?post=501"}],"curies":[{"name":"wp","href":"https:\/\/api.w.org\/{rel}","templated":true}]}}