{"id":495,"date":"2022-02-07T17:28:29","date_gmt":"2022-02-07T17:28:29","guid":{"rendered":"https:\/\/organizacion.corape.org.ec\/?p=495"},"modified":"2024-11-26T18:43:23","modified_gmt":"2024-11-26T18:43:23","slug":"gestion-radial-como-respuesta-a-la-emergencia-covid","status":"publish","type":"post","link":"https:\/\/organizacion.corape.org.ec\/index.php\/2022\/02\/07\/gestion-radial-como-respuesta-a-la-emergencia-covid\/","title":{"rendered":"Gesti\u00f3n radial como respuesta a la emergencia COVID"},"content":{"rendered":"<div class=\"wpb-content-wrapper\"><p>[vc_row full_width=\u00bbstretch_row\u00bb][vc_column]<div class=\"ult-spacer spacer-69f43e2803413\" data-id=\"69f43e2803413\" data-height=\"100\" data-height-mobile=\"100\" data-height-tab=\"100\" data-height-tab-portrait=\"\" data-height-mobile-landscape=\"\" style=\"clear:both;display:block;\"><\/div>[vc_single_image image=\u00bb789&#8243; img_size=\u00bbfull\u00bb alignment=\u00bbcenter\u00bb][\/vc_column][\/vc_row][vc_row][vc_column width=\u00bb1\/2&#8243;][vc_single_image image=\u00bb772&#8243; img_size=\u00bbfull\u00bb alignment=\u00bbcenter\u00bb][\/vc_column][vc_column width=\u00bb1\/2&#8243;][vc_column_text]<\/p>\n<p style=\"text-align: justify;\">Mediante las radios comunitarias afiliadas a CORAPE, se generar\u00e1 un proceso de edu-comunicaci\u00f3n participativo con familias y estudiantes de primaria y secundaria que prioriza pautas educativas de ense\u00f1anza a distancia y en el hogar, que sean relevantes, basadas en la experiencia y adaptadas a la situaci\u00f3n de emergencia (COVID_19) y con \u00e9nfasis en temas como el desarrollo infantil, parentalidad positiva, cultura de paz y prevenci\u00f3n de la COVID_19<\/p>\n<p>[\/vc_column_text][\/vc_column][\/vc_row][vc_row][vc_column][vc_column_text]<\/p>\n<h2 style=\"text-align: center;\">PRODUCTOS REALIZADOS<\/h2>\n<p>[\/vc_column_text][\/vc_column][\/vc_row][vc_row][vc_column width=\u00bb1\/3&#8243;][\/vc_column][vc_column width=\u00bb1\/3&#8243;][vc_row_inner][vc_column_inner width=\u00bb1\/4&#8243;][vc_btn title=\u00bb\u00bb color=\u00bbdanger\u00bb i_icon_fontawesome=\u00bbfab fa-youtube\u00bb add_icon=\u00bbtrue\u00bb link=\u00bburl:https%3A%2F%2Fwww.youtube.com%2Fwatch%3Fv%3DSIN2YbeDUCg%26list%3DPLW9tPsD0XDoXm4QlG6Rq3SS3WJnr8nF_7&#8243;][\/vc_column_inner][vc_column_inner width=\u00bb1\/4&#8243;][vc_btn title=\u00bb\u00bb color=\u00bbwarning\u00bb i_icon_fontawesome=\u00bbfas fa-music\u00bb add_icon=\u00bbtrue\u00bb link=\u00bburl:https%3A%2F%2Fwww.ivoox.com%2Fcovid_bk_list_9778050_1.html\u00bb][\/vc_column_inner][vc_column_inner width=\u00bb1\/4&#8243;][vc_btn title=\u00bb\u00bb color=\u00bbdefault\u00bb i_icon_fontawesome=\u00bbfas fa-link\u00bb add_icon=\u00bbtrue\u00bb link=\u00bburl:https%3A%2F%2Fcapacitacion.corape.org.ec%2Fcovid%2F\u00bb][\/vc_column_inner][vc_column_inner width=\u00bb1\/4&#8243;][vc_btn title=\u00bb\u00bb color=\u00bbinverse\u00bb i_icon_fontawesome=\u00bbfas fa-book-open\u00bb add_icon=\u00bbtrue\u00bb link=\u00bburl:https%3A%2F%2Fwww.yumpu.com%2Fes%2Fdocument%2Fread%2F65788831%2Fmemoria-corape-unicef-diagramado\u00bb][\/vc_column_inner][\/vc_row_inner][\/vc_column][vc_column width=\u00bb1\/3&#8243;][\/vc_column][\/vc_row]<\/p>\n<\/div>","protected":false},"excerpt":{"rendered":"<p>[vc_row full_width=\u00bbstretch_row\u00bb][vc_column][vc_single_image image=\u00bb789&#8243; img_size=\u00bbfull\u00bb alignment=\u00bbcenter\u00bb][\/vc_column][\/vc_row][vc_row][vc_column width=\u00bb1\/2&#8243;][vc_single_image image=\u00bb772&#8243; img_size=\u00bbfull\u00bb alignment=\u00bbcenter\u00bb][\/vc_column][vc_column width=\u00bb1\/2&#8243;][vc_column_text] Mediante las radios comunitarias afiliadas a CORAPE, se generar\u00e1 un proceso de edu-comunicaci\u00f3n participativo con familias y estudiantes de primaria y secundaria que prioriza pautas educativas de ense\u00f1anza a distancia y en el hogar, que sean relevantes, basadas en la experiencia y adaptadas a la&hellip;<\/p>\n","protected":false},"author":1,"featured_media":772,"comment_status":"closed","ping_status":"closed","sticky":false,"template":"","format":"standard","meta":{"footnotes":""},"categories":[43,19,22],"tags":[],"class_list":["post-495","post","type-post","status-publish","format-standard","has-post-thumbnail","hentry","category-ninez-adolescencia","category-proyectos","category-unicef","category-43","category-19","category-22","description-off"],"_links":{"self":[{"href":"https:\/\/organizacion.corape.org.ec\/index.php\/wp-json\/wp\/v2\/posts\/495","targetHints":{"allow":["GET"]}}],"collection":[{"href":"https:\/\/organizacion.corape.org.ec\/index.php\/wp-json\/wp\/v2\/posts"}],"about":[{"href":"https:\/\/organizacion.corape.org.ec\/index.php\/wp-json\/wp\/v2\/types\/post"}],"author":[{"embeddable":true,"href":"https:\/\/organizacion.corape.org.ec\/index.php\/wp-json\/wp\/v2\/users\/1"}],"replies":[{"embeddable":true,"href":"https:\/\/organizacion.corape.org.ec\/index.php\/wp-json\/wp\/v2\/comments?post=495"}],"version-history":[{"count":9,"href":"https:\/\/organizacion.corape.org.ec\/index.php\/wp-json\/wp\/v2\/posts\/495\/revisions"}],"predecessor-version":[{"id":499,"href":"https:\/\/organizacion.corape.org.ec\/index.php\/wp-json\/wp\/v2\/posts\/495\/revisions\/499"}],"wp:featuredmedia":[{"embeddable":true,"href":"https:\/\/organizacion.corape.org.ec\/index.php\/wp-json\/wp\/v2\/media\/772"}],"wp:attachment":[{"href":"https:\/\/organizacion.corape.org.ec\/index.php\/wp-json\/wp\/v2\/media?parent=495"}],"wp:term":[{"taxonomy":"category","embeddable":true,"href":"https:\/\/organizacion.corape.org.ec\/index.php\/wp-json\/wp\/v2\/categories?post=495"},{"taxonomy":"post_tag","embeddable":true,"href":"https:\/\/organizacion.corape.org.ec\/index.php\/wp-json\/wp\/v2\/tags?post=495"}],"curies":[{"name":"wp","href":"https:\/\/api.w.org\/{rel}","templated":true}]}}