{"id":489,"date":"2022-02-07T17:24:15","date_gmt":"2022-02-07T17:24:15","guid":{"rendered":"https:\/\/organizacion.corape.org.ec\/?p=489"},"modified":"2024-11-26T18:43:40","modified_gmt":"2024-11-26T18:43:40","slug":"herramientas-comunicacionales-para-ninas-ninos-y-adolescentes-en-las-comunidades-pbf","status":"publish","type":"post","link":"https:\/\/organizacion.corape.org.ec\/index.php\/2022\/02\/07\/herramientas-comunicacionales-para-ninas-ninos-y-adolescentes-en-las-comunidades-pbf\/","title":{"rendered":"Herramientas comunicacionales para ni\u00f1as, ni\u00f1os y adolescentes en las comunidades PBF"},"content":{"rendered":"<div class=\"wpb-content-wrapper\"><p>[vc_row full_width=\u00bbstretch_row\u00bb][vc_column]<div class=\"ult-spacer spacer-69f43e2820b5a\" data-id=\"69f43e2820b5a\" data-height=\"100\" data-height-mobile=\"100\" data-height-tab=\"100\" data-height-tab-portrait=\"\" data-height-mobile-landscape=\"\" style=\"clear:both;display:block;\"><\/div>[vc_single_image image=\u00bb790&#8243; img_size=\u00bbfull\u00bb alignment=\u00bbcenter\u00bb][\/vc_column][\/vc_row][vc_row][vc_column width=\u00bb1\/2&#8243;][vc_single_image image=\u00bb1531&#8243; img_size=\u00bbfull\u00bb][\/vc_column][vc_column width=\u00bb1\/2&#8243;][vc_column_text]<\/p>\n<p style=\"text-align: justify;\">La intervenci\u00f3n de CORAPE se enmarca dentro del proyecto binacional (Ecuador \u2013 Colombia) Comunidades Protectoras.<\/p>\n<p style=\"text-align: justify;\">El proyecto desarrollado por CORAPE se llama Fortalecimiento de Ni\u00f1as Ni\u00f1os y Adolescentes desde la comunicaci\u00f3n, se basa en la formaci\u00f3n de NNA en comunicaci\u00f3n comunitaria fortalece y permite la difusi\u00f3n de su situaci\u00f3n personal, la situaci\u00f3n de la poblaci\u00f3n y del estado de los servicios p\u00fablicos desde la construcci\u00f3n de productos comunicacionales realizados por los NNA en las parroquias de Chical y Maldonado en la provincia del Carchi y en los cantones de San lorenzo y Eloy Alfaro en la provincia de Esmeraldas.<\/p>\n<p style=\"text-align: justify;\">Este tipo de acciones contribuye al fortalecimiento comunitario para la exigibilidad de derechos y reclama la presencia del Estado y la pol\u00edtica p\u00fablica en territorios de frontera norte. Adem\u00e1s aporta una pieza clave para el aseguramiento del ejercicio y disfrute de los derechos por parte de los NNA y la poblaci\u00f3n en general.\u00a0Se dar\u00e1n\u00a04 talleres en cada uno de los territorios (cada taller se realiza a lo largo de 2 d\u00edas con una carga horaria de 10 horas por taller)<\/p>\n<p style=\"text-align: justify;\">1) Taller \u00bfC\u00f3mo contar una historia?<\/p>\n<p style=\"text-align: justify;\">2) Taller creamos nuestra historia en audio<\/p>\n<p style=\"text-align: justify;\">3) Taller creamos nuestra historia en video<\/p>\n<p style=\"text-align: justify;\">4) Estrategia digital y redes sociales<\/p>\n<p>[\/vc_column_text][\/vc_column][\/vc_row][vc_row][vc_column][vc_column_text]<\/p>\n<h2 style=\"text-align: center;\">PRODUCTOS REALIZADOS<\/h2>\n<p>[\/vc_column_text][\/vc_column][\/vc_row][vc_row][vc_column width=\u00bb1\/3&#8243;][\/vc_column][vc_column width=\u00bb1\/3&#8243;][vc_row_inner][vc_column_inner width=\u00bb1\/5&#8243;][vc_btn title=\u00bb\u00bb color=\u00bbdanger\u00bb align=\u00bbcenter\u00bb i_icon_fontawesome=\u00bbfab fa-youtube\u00bb add_icon=\u00bbtrue\u00bb link=\u00bburl:https%3A%2F%2Fwww.youtube.com%2Fwatch%3Fv%3DDI0ts8sTL4M%26list%3DPLW9tPsD0XDoVVwrbwwzQGDw4KmXshCqUU\u00bb][\/vc_column_inner][vc_column_inner width=\u00bb1\/5&#8243;][vc_btn title=\u00bb\u00bb color=\u00bbviolet\u00bb align=\u00bbcenter\u00bb i_icon_fontawesome=\u00bbfab fa-flickr\u00bb add_icon=\u00bbtrue\u00bb link=\u00bburl:https%3A%2F%2Fwww.flickr.com%2Fphotos%2Fcorape%2Falbums%2F72157719610748782&#8243;][\/vc_column_inner][vc_column_inner width=\u00bb1\/5&#8243;][vc_btn title=\u00bb\u00bb color=\u00bbwarning\u00bb align=\u00bbcenter\u00bb i_icon_fontawesome=\u00bbfas fa-music\u00bb add_icon=\u00bbtrue\u00bb link=\u00bburl:https%3A%2F%2Fwww.ivoox.com%2Fpbf_bk_list_9793291_1.html\u00bb][\/vc_column_inner][vc_column_inner width=\u00bb1\/5&#8243;][vc_btn title=\u00bb\u00bb color=\u00bbinverse\u00bb align=\u00bbcenter\u00bb i_icon_fontawesome=\u00bbfas fa-book-open\u00bb add_icon=\u00bbtrue\u00bb link=\u00bburl:https%3A%2F%2Forganizacion.corape.org.ec%2Findex.php%2Fherramientas-comunicacionales-para-ninas-ninos-y-adolescentes-en-las-comunidades-pbf-publicaciones%2F\u00bb][\/vc_column_inner][\/vc_row_inner][\/vc_column][vc_column width=\u00bb1\/3&#8243;][\/vc_column][\/vc_row]<\/p>\n<\/div>","protected":false},"excerpt":{"rendered":"<p>[vc_row full_width=\u00bbstretch_row\u00bb][vc_column][vc_single_image image=\u00bb790&#8243; img_size=\u00bbfull\u00bb alignment=\u00bbcenter\u00bb][\/vc_column][\/vc_row][vc_row][vc_column width=\u00bb1\/2&#8243;][vc_single_image image=\u00bb1531&#8243; img_size=\u00bbfull\u00bb][\/vc_column][vc_column width=\u00bb1\/2&#8243;][vc_column_text] La intervenci\u00f3n de CORAPE se enmarca dentro del proyecto binacional (Ecuador \u2013 Colombia) Comunidades Protectoras. El proyecto desarrollado por CORAPE se llama Fortalecimiento de Ni\u00f1as Ni\u00f1os y Adolescentes desde la comunicaci\u00f3n, se basa en la formaci\u00f3n de NNA en comunicaci\u00f3n comunitaria fortalece y permite la difusi\u00f3n&hellip;<\/p>\n","protected":false},"author":1,"featured_media":491,"comment_status":"closed","ping_status":"closed","sticky":false,"template":"","format":"standard","meta":{"footnotes":""},"categories":[43,19,22],"tags":[],"class_list":["post-489","post","type-post","status-publish","format-standard","has-post-thumbnail","hentry","category-ninez-adolescencia","category-proyectos","category-unicef","category-43","category-19","category-22","description-off"],"_links":{"self":[{"href":"https:\/\/organizacion.corape.org.ec\/index.php\/wp-json\/wp\/v2\/posts\/489","targetHints":{"allow":["GET"]}}],"collection":[{"href":"https:\/\/organizacion.corape.org.ec\/index.php\/wp-json\/wp\/v2\/posts"}],"about":[{"href":"https:\/\/organizacion.corape.org.ec\/index.php\/wp-json\/wp\/v2\/types\/post"}],"author":[{"embeddable":true,"href":"https:\/\/organizacion.corape.org.ec\/index.php\/wp-json\/wp\/v2\/users\/1"}],"replies":[{"embeddable":true,"href":"https:\/\/organizacion.corape.org.ec\/index.php\/wp-json\/wp\/v2\/comments?post=489"}],"version-history":[{"count":18,"href":"https:\/\/organizacion.corape.org.ec\/index.php\/wp-json\/wp\/v2\/posts\/489\/revisions"}],"predecessor-version":[{"id":2161,"href":"https:\/\/organizacion.corape.org.ec\/index.php\/wp-json\/wp\/v2\/posts\/489\/revisions\/2161"}],"wp:featuredmedia":[{"embeddable":true,"href":"https:\/\/organizacion.corape.org.ec\/index.php\/wp-json\/wp\/v2\/media\/491"}],"wp:attachment":[{"href":"https:\/\/organizacion.corape.org.ec\/index.php\/wp-json\/wp\/v2\/media?parent=489"}],"wp:term":[{"taxonomy":"category","embeddable":true,"href":"https:\/\/organizacion.corape.org.ec\/index.php\/wp-json\/wp\/v2\/categories?post=489"},{"taxonomy":"post_tag","embeddable":true,"href":"https:\/\/organizacion.corape.org.ec\/index.php\/wp-json\/wp\/v2\/tags?post=489"}],"curies":[{"name":"wp","href":"https:\/\/api.w.org\/{rel}","templated":true}]}}