{"id":482,"date":"2022-02-07T16:42:21","date_gmt":"2022-02-07T16:42:21","guid":{"rendered":"https:\/\/organizacion.corape.org.ec\/?p=482"},"modified":"2024-11-26T18:41:19","modified_gmt":"2024-11-26T18:41:19","slug":"masculinidades-en-movimiento","status":"publish","type":"post","link":"https:\/\/organizacion.corape.org.ec\/index.php\/2022\/02\/07\/masculinidades-en-movimiento\/","title":{"rendered":"Masculinidades en movimiento 2021"},"content":{"rendered":"<div class=\"wpb-content-wrapper\"><p>[vc_row full_width=\u00bbstretch_row\u00bb][vc_column]<div class=\"ult-spacer spacer-69f43bf34822a\" data-id=\"69f43bf34822a\" data-height=\"100\" data-height-mobile=\"100\" data-height-tab=\"100\" data-height-tab-portrait=\"\" data-height-mobile-landscape=\"\" style=\"clear:both;display:block;\"><\/div>[vc_single_image image=\u00bb787&#8243; img_size=\u00bbfull\u00bb alignment=\u00bbcenter\u00bb][\/vc_column][\/vc_row][vc_row][vc_column width=\u00bb1\/2&#8243;][vc_single_image image=\u00bb1704&#8243; img_size=\u00bbfull\u00bb alignment=\u00bbcenter\u00bb][\/vc_column][vc_column width=\u00bb1\/2&#8243;][vc_column_text]<\/p>\n<section class=\"elementor-section elementor-top-section elementor-element elementor-element-50080b7 elementor-section-boxed elementor-section-height-default elementor-section-height-default\" data-id=\"50080b7\" data-element_type=\"section\">\n<div class=\"elementor-container elementor-column-gap-default\">\n<div class=\"elementor-column elementor-col-50 elementor-top-column elementor-element elementor-element-4764940\" data-id=\"4764940\" data-element_type=\"column\">\n<div class=\"elementor-widget-wrap elementor-element-populated\">\n<div class=\"elementor-element elementor-element-c1d2961 elementor-widget elementor-widget-text-editor\" data-id=\"c1d2961\" data-element_type=\"widget\" data-widget_type=\"text-editor.default\">\n<div class=\"elementor-widget-container\">\n<p style=\"text-align: justify;\"><strong>Objetivo:\u00a0<\/strong><\/p>\n<p style=\"text-align: justify;\">Generar un espacio de formaci\u00f3n con hombres en situaci\u00f3n de movilidad humana y de comunidades de acogida de la frontera norte del Ecuador (Tulc\u00e1n, Ibarra, Esmeraldas y Lago Agrio), que permita generar procesos de transformaci\u00f3n real en la construcci\u00f3n de masculinidades no violentas y corresponsables.<\/p>\n<p style=\"text-align: justify;\">Estos espacios permiten generar procesos de cambio, de aprendizaje y resignificaci\u00f3n que implica dos elementos cruciales, el primero reconocer la violencia de g\u00e9nero contra las mujeres y las personas LGBTTIQ+\u00a0como una vulneraci\u00f3n de derechos humanos y el segundo posicionar el reconocimiento pol\u00edtico de los hombres como aliados y actores estrat\u00e9gicos para prevenir la violencia de g\u00e9nero.<\/p>\n<\/div>\n<\/div>\n<\/div>\n<\/div>\n<\/div>\n<\/section>\n<section class=\"elementor-section elementor-top-section elementor-element elementor-element-620ceb0 elementor-section-boxed elementor-section-height-default elementor-section-height-default\" data-id=\"620ceb0\" data-element_type=\"section\">\n<div class=\"elementor-container elementor-column-gap-default\">\n<div class=\"elementor-column elementor-col-100 elementor-top-column elementor-element elementor-element-341c2f2\" data-id=\"341c2f2\" data-element_type=\"column\">\n<div class=\"elementor-widget-wrap elementor-element-populated\">\n<div class=\"elementor-element elementor-element-444f002 elementor-widget elementor-widget-heading\" data-id=\"444f002\" data-element_type=\"widget\" data-widget_type=\"heading.default\">\n<div class=\"elementor-widget-container\" style=\"text-align: justify;\"><\/div>\n<\/div>\n<\/div>\n<\/div>\n<\/div>\n<\/section>\n<p>[\/vc_column_text][\/vc_column][\/vc_row][vc_row][vc_column][vc_column_text]<\/p>\n<h2 style=\"text-align: center;\">PRODUCTOS REALIZADOS<\/h2>\n<p>[\/vc_column_text][\/vc_column][\/vc_row][vc_row][vc_column width=\u00bb1\/3&#8243;][\/vc_column][vc_column width=\u00bb1\/3&#8243;][vc_row_inner][vc_column_inner width=\u00bb1\/5&#8243;][vc_btn title=\u00bb\u00bb color=\u00bbdanger\u00bb i_icon_fontawesome=\u00bbfab fa-youtube\u00bb add_icon=\u00bbtrue\u00bb link=\u00bburl:https%3A%2F%2Fwww.youtube.com%2Fwatch%3Fv%3DtwNKcXKiRCk%26list%3DPLW9tPsD0XDoWkx6_Bro3WTT8HmVvwgNXZ\u00bb][\/vc_column_inner][vc_column_inner width=\u00bb1\/5&#8243;][vc_btn title=\u00bb\u00bb color=\u00bbviolet\u00bb i_icon_fontawesome=\u00bbfab fa-flickr\u00bb add_icon=\u00bbtrue\u00bb link=\u00bburl:https%3A%2F%2Fwww.flickr.com%2Fphotos%2Fcorape%2Fsets%2F72157719392429714%2F\u00bb][\/vc_column_inner][vc_column_inner width=\u00bb1\/5&#8243;][vc_btn title=\u00bb\u00bb color=\u00bbwarning\u00bb i_icon_fontawesome=\u00bbfas fa-music\u00bb add_icon=\u00bbtrue\u00bb link=\u00bburl:https%3A%2F%2Fwww.ivoox.com%2Fmasculinidades_bk_list_9729232_1.html\u00bb][\/vc_column_inner][vc_column_inner width=\u00bb1\/5&#8243;][vc_btn title=\u00bb\u00bb color=\u00bbinverse\u00bb i_icon_fontawesome=\u00bbfas fa-book-open\u00bb add_icon=\u00bbtrue\u00bb link=\u00bburl:https%3A%2F%2Forganizacion.corape.org.ec%2Findex.php%2Fpublicaciones-masculinidades%2F\u00bb][\/vc_column_inner][\/vc_row_inner][\/vc_column][vc_column width=\u00bb1\/3&#8243;][\/vc_column][\/vc_row]<\/p>\n<\/div>","protected":false},"excerpt":{"rendered":"<p>[vc_row full_width=\u00bbstretch_row\u00bb][vc_column][vc_single_image image=\u00bb787&#8243; img_size=\u00bbfull\u00bb alignment=\u00bbcenter\u00bb][\/vc_column][\/vc_row][vc_row][vc_column width=\u00bb1\/2&#8243;][vc_single_image image=\u00bb1704&#8243; img_size=\u00bbfull\u00bb alignment=\u00bbcenter\u00bb][\/vc_column][vc_column width=\u00bb1\/2&#8243;][vc_column_text] Objetivo:\u00a0 Generar un espacio de formaci\u00f3n con hombres en situaci\u00f3n de movilidad humana y de comunidades de acogida de la frontera norte del Ecuador (Tulc\u00e1n, Ibarra, Esmeraldas y Lago Agrio), que permita generar procesos de transformaci\u00f3n real en la construcci\u00f3n de masculinidades no violentas y&hellip;<\/p>\n","protected":false},"author":1,"featured_media":1704,"comment_status":"closed","ping_status":"closed","sticky":false,"template":"","format":"standard","meta":{"footnotes":""},"categories":[42,21,19],"tags":[],"class_list":["post-482","post","type-post","status-publish","format-standard","has-post-thumbnail","hentry","category-genero","category-onu-mujeres","category-proyectos","category-42","category-21","category-19","description-off"],"_links":{"self":[{"href":"https:\/\/organizacion.corape.org.ec\/index.php\/wp-json\/wp\/v2\/posts\/482","targetHints":{"allow":["GET"]}}],"collection":[{"href":"https:\/\/organizacion.corape.org.ec\/index.php\/wp-json\/wp\/v2\/posts"}],"about":[{"href":"https:\/\/organizacion.corape.org.ec\/index.php\/wp-json\/wp\/v2\/types\/post"}],"author":[{"embeddable":true,"href":"https:\/\/organizacion.corape.org.ec\/index.php\/wp-json\/wp\/v2\/users\/1"}],"replies":[{"embeddable":true,"href":"https:\/\/organizacion.corape.org.ec\/index.php\/wp-json\/wp\/v2\/comments?post=482"}],"version-history":[{"count":14,"href":"https:\/\/organizacion.corape.org.ec\/index.php\/wp-json\/wp\/v2\/posts\/482\/revisions"}],"predecessor-version":[{"id":2160,"href":"https:\/\/organizacion.corape.org.ec\/index.php\/wp-json\/wp\/v2\/posts\/482\/revisions\/2160"}],"wp:featuredmedia":[{"embeddable":true,"href":"https:\/\/organizacion.corape.org.ec\/index.php\/wp-json\/wp\/v2\/media\/1704"}],"wp:attachment":[{"href":"https:\/\/organizacion.corape.org.ec\/index.php\/wp-json\/wp\/v2\/media?parent=482"}],"wp:term":[{"taxonomy":"category","embeddable":true,"href":"https:\/\/organizacion.corape.org.ec\/index.php\/wp-json\/wp\/v2\/categories?post=482"},{"taxonomy":"post_tag","embeddable":true,"href":"https:\/\/organizacion.corape.org.ec\/index.php\/wp-json\/wp\/v2\/tags?post=482"}],"curies":[{"name":"wp","href":"https:\/\/api.w.org\/{rel}","templated":true}]}}