{"id":472,"date":"2022-02-07T16:23:49","date_gmt":"2022-02-07T16:23:49","guid":{"rendered":"https:\/\/organizacion.corape.org.ec\/?p=472"},"modified":"2024-11-26T18:41:32","modified_gmt":"2024-11-26T18:41:32","slug":"desarrollo-e-implementacion-de-un-modelo-de-intervencion-comunitaria-con-enfoque-de-genero-2","status":"publish","type":"post","link":"https:\/\/organizacion.corape.org.ec\/index.php\/2022\/02\/07\/desarrollo-e-implementacion-de-un-modelo-de-intervencion-comunitaria-con-enfoque-de-genero-2\/","title":{"rendered":"Desarrollo e implementaci\u00f3n de un modelo de intervenci\u00f3n comunitaria con enfoque de g\u00e9nero"},"content":{"rendered":"<div class=\"wpb-content-wrapper\"><p>[vc_row full_width=\u00bbstretch_row\u00bb][vc_column]<div class=\"ult-spacer spacer-69f43e244b74c\" data-id=\"69f43e244b74c\" data-height=\"100\" data-height-mobile=\"100\" data-height-tab=\"100\" data-height-tab-portrait=\"\" data-height-mobile-landscape=\"\" style=\"clear:both;display:block;\"><\/div>[vc_single_image image=\u00bb788&#8243; img_size=\u00bbfull\u00bb alignment=\u00bbcenter\u00bb][\/vc_column][\/vc_row][vc_row][vc_column width=\u00bb1\/2&#8243;][vc_single_image image=\u00bb771&#8243; img_size=\u00bbfull\u00bb][\/vc_column][vc_column width=\u00bb1\/2&#8243;][vc_column_text]<\/p>\n<p style=\"text-align: justify;\">El proyecto \u201cDesarrollo e implementaci\u00f3n de un modelo de intervenci\u00f3n comunitaria con enfoque de g\u00e9nero\u201d, donde ONU Mujeres y\u00a0 CORAPE como socio implementador en los territorios de Chical y Maldonado en Carchi; San Lorenzo y Eloy Alfaro en Esmeraldas, pretende generar procesos de formaci\u00f3n y empoderamiento de las mujeres para la prevenci\u00f3n de la violencia basada en g\u00e9nero, la elaboraci\u00f3n de una ruta de atenci\u00f3n comunitaria y la construcci\u00f3n de masculinidades no violentas y corresponsables con la participaci\u00f3n de los hombres de estos territorios.<\/p>\n<p style=\"text-align: justify;\">As\u00ed mismo viendo la necesidad de fortalecer las capacidades t\u00e9cnicas de los gobiernos locales se logr\u00f3 articular esfuerzos en la construcci\u00f3n de metodolog\u00edas que permitan mejorar los niveles de atenci\u00f3n y denuncia de las acciones que vulneran derechos a las mujeres.<\/p>\n<p>[\/vc_column_text][\/vc_column][\/vc_row][vc_row][vc_column][vc_column_text]<\/p>\n<h2 style=\"text-align: center;\">PRODUCTOS REALIZADOS<\/h2>\n<p>[\/vc_column_text][\/vc_column][\/vc_row][vc_row][vc_column width=\u00bb1\/3&#8243;][\/vc_column][vc_column width=\u00bb1\/3&#8243;][vc_row_inner][vc_column_inner width=\u00bb1\/3&#8243;][vc_btn title=\u00bb\u00bb color=\u00bbdanger\u00bb i_icon_fontawesome=\u00bbfab fa-youtube\u00bb add_icon=\u00bbtrue\u00bb link=\u00bburl:https%3A%2F%2Fwww.youtube.com%2Fwatch%3Fv%3D0iSLI1R8O74%26list%3DPLW9tPsD0XDoUrsM9TQg9tZGbREdJU0Vm3&#8243;][\/vc_column_inner][vc_column_inner width=\u00bb1\/3&#8243;][vc_btn title=\u00bb\u00bb color=\u00bbwarning\u00bb i_icon_fontawesome=\u00bbfas fa-music\u00bb add_icon=\u00bbtrue\u00bb link=\u00bburl:https%3A%2F%2Fwww.ivoox.com%2Fcomunidades-protectoras_bk_list_9765520_1.html\u00bb][\/vc_column_inner][vc_column_inner width=\u00bb1\/3&#8243;][vc_btn title=\u00bb\u00bb color=\u00bbdefault\u00bb i_icon_fontawesome=\u00bbfas fa-book-open\u00bb add_icon=\u00bbtrue\u00bb][\/vc_column_inner][\/vc_row_inner][\/vc_column][vc_column width=\u00bb1\/3&#8243;][\/vc_column][\/vc_row]<\/p>\n<\/div>","protected":false},"excerpt":{"rendered":"<p>[vc_row full_width=\u00bbstretch_row\u00bb][vc_column][vc_single_image image=\u00bb788&#8243; img_size=\u00bbfull\u00bb alignment=\u00bbcenter\u00bb][\/vc_column][\/vc_row][vc_row][vc_column width=\u00bb1\/2&#8243;][vc_single_image image=\u00bb771&#8243; img_size=\u00bbfull\u00bb][\/vc_column][vc_column width=\u00bb1\/2&#8243;][vc_column_text] El proyecto \u201cDesarrollo e implementaci\u00f3n de un modelo de intervenci\u00f3n comunitaria con enfoque de g\u00e9nero\u201d, donde ONU Mujeres y\u00a0 CORAPE como socio implementador en los territorios de Chical y Maldonado en Carchi; San Lorenzo y Eloy Alfaro en Esmeraldas, pretende generar procesos de formaci\u00f3n y empoderamiento&hellip;<\/p>\n","protected":false},"author":1,"featured_media":771,"comment_status":"closed","ping_status":"closed","sticky":false,"template":"","format":"standard","meta":{"footnotes":""},"categories":[42,21,19],"tags":[],"class_list":["post-472","post","type-post","status-publish","format-standard","has-post-thumbnail","hentry","category-genero","category-onu-mujeres","category-proyectos","category-42","category-21","category-19","description-off"],"_links":{"self":[{"href":"https:\/\/organizacion.corape.org.ec\/index.php\/wp-json\/wp\/v2\/posts\/472","targetHints":{"allow":["GET"]}}],"collection":[{"href":"https:\/\/organizacion.corape.org.ec\/index.php\/wp-json\/wp\/v2\/posts"}],"about":[{"href":"https:\/\/organizacion.corape.org.ec\/index.php\/wp-json\/wp\/v2\/types\/post"}],"author":[{"embeddable":true,"href":"https:\/\/organizacion.corape.org.ec\/index.php\/wp-json\/wp\/v2\/users\/1"}],"replies":[{"embeddable":true,"href":"https:\/\/organizacion.corape.org.ec\/index.php\/wp-json\/wp\/v2\/comments?post=472"}],"version-history":[{"count":21,"href":"https:\/\/organizacion.corape.org.ec\/index.php\/wp-json\/wp\/v2\/posts\/472\/revisions"}],"predecessor-version":[{"id":1967,"href":"https:\/\/organizacion.corape.org.ec\/index.php\/wp-json\/wp\/v2\/posts\/472\/revisions\/1967"}],"wp:featuredmedia":[{"embeddable":true,"href":"https:\/\/organizacion.corape.org.ec\/index.php\/wp-json\/wp\/v2\/media\/771"}],"wp:attachment":[{"href":"https:\/\/organizacion.corape.org.ec\/index.php\/wp-json\/wp\/v2\/media?parent=472"}],"wp:term":[{"taxonomy":"category","embeddable":true,"href":"https:\/\/organizacion.corape.org.ec\/index.php\/wp-json\/wp\/v2\/categories?post=472"},{"taxonomy":"post_tag","embeddable":true,"href":"https:\/\/organizacion.corape.org.ec\/index.php\/wp-json\/wp\/v2\/tags?post=472"}],"curies":[{"name":"wp","href":"https:\/\/api.w.org\/{rel}","templated":true}]}}