{"id":2267,"date":"2025-12-21T21:18:53","date_gmt":"2025-12-21T21:18:53","guid":{"rendered":"https:\/\/organizacion.corape.org.ec\/?p=2267"},"modified":"2026-02-24T14:58:54","modified_gmt":"2026-02-24T14:58:54","slug":"reimaginando-la-comunicacion-del-siglo-22","status":"publish","type":"post","link":"https:\/\/organizacion.corape.org.ec\/index.php\/2025\/12\/21\/reimaginando-la-comunicacion-del-siglo-22\/","title":{"rendered":"(Re)imaginando la comunicaci\u00f3n del siglo 22"},"content":{"rendered":"<div class=\"wpb-content-wrapper\"><p>[vc_row full_width=\u00bbstretch_row\u00bb css=\u00bb.vc_custom_1771938090315{margin-top: 20px !important;margin-bottom: 15px !important;}\u00bb][vc_column]<div class=\"ult-spacer spacer-69f43e4b169ec\" data-id=\"69f43e4b169ec\" data-height=\"100\" data-height-mobile=\"100\" data-height-tab=\"100\" data-height-tab-portrait=\"\" data-height-mobile-landscape=\"\" style=\"clear:both;display:block;\"><\/div>[vc_single_image image=\u00bb2299&#8243; img_size=\u00bbfull\u00bb css=\u00bb\u00bb][\/vc_column][\/vc_row][vc_row][vc_column width=\u00bb1\/2&#8243;][vc_single_image image=\u00bb2294&#8243; img_size=\u00bbfull\u00bb css=\u00bb\u00bb][\/vc_column][vc_column width=\u00bb1\/2&#8243;][vc_column_text css=\u00bb\u00bb]En el actual contexto comunicacional saturado de nuevos canales de difusi\u00f3n, de <em>influencers<\/em> que le disputan el rating a los medios tradicionales, de <em>fakenews<\/em> y contenidos generados por IA, y un exagerado nivel de monopolio y control de las TIC digitales.<\/p>\n<p>CORAPE y DW Akademie, junto a la Universidad Javeriana de Colombia, se unen para promover esta iniciativa regional que busca:<\/p>\n<ul>\n<li>mapear y sistematizar <strong>experiencias novedosas<\/strong> de comunicaci\u00f3n participativa locales y comunitarias de los territorios;<\/li>\n<li>reflexionar colectivamente sobre los<strong> desaf\u00edos y retos<\/strong> de la comunicaci\u00f3n y el periodismo en las dos pr\u00f3ximas d\u00e9cadas;<\/li>\n<li>dise\u00f1ar <strong>estrategias de sostenibilidad<\/strong> de esas experiencias y formas de replicarse en otros contextos.<\/li>\n<\/ul>\n<p>[\/vc_column_text][\/vc_column][\/vc_row][vc_row][vc_column][vc_separator css=\u00bb.vc_custom_1771943935467{margin-top: 15px !important;border-bottom-width: 15px !important;}\u00bb]<div id=\"ultimate-heading-790369f43e4b16a73\" class=\"uvc-heading ult-adjust-bottom-margin ultimate-heading-790369f43e4b16a73 uvc-6094  uvc-heading-default-font-sizes\" data-hspacer=\"no_spacer\"  data-halign=\"center\" style=\"text-align:center\"><div class=\"uvc-heading-spacer no_spacer\" style=\"top\"><\/div><div class=\"uvc-main-heading ult-responsive\"  data-ultimate-target='.uvc-heading.ultimate-heading-790369f43e4b16a73 h2'  data-responsive-json-new='{\"font-size\":\"\",\"line-height\":\"\"}' ><h2 style=\"--font-weight:theme;\">\u00bfC\u00d3MO LO HAREMOS? (HOJA DE RUTA DEL PROCESO)<\/h2><\/div><\/div>[\/vc_column][\/vc_row][vc_row][vc_column][vc_single_image image=\u00bb2306&#8243; img_size=\u00bbfull\u00bb alignment=\u00bbcenter\u00bb css=\u00bb.vc_custom_1771942777791{margin-top: 10px !important;border-bottom-width: 10px !important;}\u00bb][\/vc_column][\/vc_row][vc_row][vc_column][vc_separator css=\u00bb.vc_custom_1771943952986{margin-top: 15px !important;border-bottom-width: 15px !important;}\u00bb]<div id=\"ultimate-heading-970069f43e4b16b41\" class=\"uvc-heading ult-adjust-bottom-margin ultimate-heading-970069f43e4b16b41 uvc-1760  uvc-heading-default-font-sizes\" data-hspacer=\"no_spacer\"  data-halign=\"center\" style=\"text-align:center\"><div class=\"uvc-heading-spacer no_spacer\" style=\"top\"><\/div><div class=\"uvc-main-heading ult-responsive\"  data-ultimate-target='.uvc-heading.ultimate-heading-970069f43e4b16b41 h2'  data-responsive-json-new='{\"font-size\":\"\",\"line-height\":\"\"}' ><h2 style=\"--font-weight:theme;margin-bottom:25px;\">PRODUCTOS REALIZADOS<\/h2><\/div><\/div>[\/vc_column][\/vc_row][vc_row][vc_column width=\u00bb1\/3&#8243;][vc_text_separator title=\u00bbAUDIO DE LA CONVOCATORIA\u00bb i_icon_fontawesome=\u00bbfa fa-regular fa-file-audio\u00bb style=\u00bbdotted\u00bb el_width=\u00bb80&#8243; css=\u00bb\u00bb add_icon=\u00bbtrue\u00bb][vc_wp_text]<\/p>\n<audio class=\"wp-audio-shortcode\" id=\"audio-2267-1\" preload=\"none\" style=\"width: 100%;\" controls=\"controls\"><source type=\"audio\/mpeg\" src=\"https:\/\/radioslibres.net\/wp-content\/uploads\/2026\/02\/Audio-Presentacion-FIC.mp3?_=1\" \/><a href=\"https:\/\/radioslibres.net\/wp-content\/uploads\/2026\/02\/Audio-Presentacion-FIC.mp3\">https:\/\/radioslibres.net\/wp-content\/uploads\/2026\/02\/Audio-Presentacion-FIC.mp3<\/a><\/audio>\n<p>[\/vc_wp_text][\/vc_column][vc_column width=\u00bb1\/3&#8243;][vc_text_separator title=\u00bbM\u00c1S INFORMACI\u00d3N\u00bb i_icon_fontawesome=\u00bbfa fa-regular fa-circle-down\u00bb style=\u00bbdotted\u00bb el_width=\u00bb80&#8243; css=\u00bb\u00bb add_icon=\u00bbtrue\u00bb]<div class=\" vc_custom_1771944568642 ubtn-ctn-center \"><a class=\"ubtn-link ult-adjust-bottom-margin ubtn-center ubtn-normal \" href=\"https:\/\/organizacion.corape.org.ec\/wp-content\/uploads\/2025\/12\/Reimaginando-Encuentro-Marzo-2026-Informacion-Web.pdf\" target=\"_blank\" rel=\"noopener\" ><button type=\"button\" id=\"ubtn-9314\"  class=\"ubtn ult-adjust-bottom-margin ult-responsive ubtn-normal ubtn-no-hover-bg  none  ubtn-sep-icon ubtn-sep-icon-at-left  ubtn-center   tooltip-69f43e4b16e94\"  data-hover=\"\" data-border-color=\"\" data-bg=\"#DD9933\" data-hover-bg=\"\" data-border-hover=\"\" data-shadow-hover=\"\" data-shadow-click=\"none\" data-shadow=\"\" data-shd-shadow=\"\"  data-ultimate-target='#ubtn-9314'  data-responsive-json-new='{\"font-size\":\"\",\"line-height\":\"\"}'  style=\"font-weight:normal;border:none;background: #DD9933;color: #FFFFFF;\"><span class=\"ubtn-data ubtn-icon\"><i class=\"dt-icon-the7-download\" style=\"font-size:0px;color:;\"><\/i><\/span><span class=\"ubtn-hover\" style=\"background-color:\"><\/span><span class=\"ubtn-data ubtn-text \" >Descargar PDF<\/span><\/button><\/a><\/div>[\/vc_column][vc_column width=\u00bb1\/3&#8243;][vc_text_separator title=\u00bbPARTICIPANTES\u00bb i_icon_fontawesome=\u00bbfa fa-solid fa-people-group\u00bb style=\u00bbdotted\u00bb el_width=\u00bb80&#8243; css=\u00bb\u00bb add_icon=\u00bbtrue\u00bb][vc_wp_text]Pr\u00f3ximamente&#8230;[\/vc_wp_text][\/vc_column][\/vc_row]<\/p>\n<\/div>","protected":false},"excerpt":{"rendered":"<p>[vc_row full_width=\u00bbstretch_row\u00bb css=\u00bb.vc_custom_1771938090315{margin-top: 20px !important;margin-bottom: 15px !important;}\u00bb][vc_column][vc_single_image image=\u00bb2299&#8243; img_size=\u00bbfull\u00bb css=\u00bb\u00bb][\/vc_column][\/vc_row][vc_row][vc_column width=\u00bb1\/2&#8243;][vc_single_image image=\u00bb2294&#8243; img_size=\u00bbfull\u00bb css=\u00bb\u00bb][\/vc_column][vc_column width=\u00bb1\/2&#8243;][vc_column_text css=\u00bb\u00bb]En el actual contexto comunicacional saturado de nuevos canales de difusi\u00f3n, de influencers que le disputan el rating a los medios tradicionales, de fakenews y contenidos generados por IA, y un exagerado nivel de monopolio y control de las TIC&hellip;<\/p>\n","protected":false},"author":1,"featured_media":2269,"comment_status":"closed","ping_status":"closed","sticky":false,"template":"","format":"standard","meta":{"footnotes":""},"categories":[46,19],"tags":[],"class_list":["post-2267","post","type-post","status-publish","format-standard","has-post-thumbnail","hentry","category-fortalecimientos-medios-de-comunicacion-comunitarios","category-proyectos","category-46","category-19","description-off"],"_links":{"self":[{"href":"https:\/\/organizacion.corape.org.ec\/index.php\/wp-json\/wp\/v2\/posts\/2267","targetHints":{"allow":["GET"]}}],"collection":[{"href":"https:\/\/organizacion.corape.org.ec\/index.php\/wp-json\/wp\/v2\/posts"}],"about":[{"href":"https:\/\/organizacion.corape.org.ec\/index.php\/wp-json\/wp\/v2\/types\/post"}],"author":[{"embeddable":true,"href":"https:\/\/organizacion.corape.org.ec\/index.php\/wp-json\/wp\/v2\/users\/1"}],"replies":[{"embeddable":true,"href":"https:\/\/organizacion.corape.org.ec\/index.php\/wp-json\/wp\/v2\/comments?post=2267"}],"version-history":[{"count":28,"href":"https:\/\/organizacion.corape.org.ec\/index.php\/wp-json\/wp\/v2\/posts\/2267\/revisions"}],"predecessor-version":[{"id":2319,"href":"https:\/\/organizacion.corape.org.ec\/index.php\/wp-json\/wp\/v2\/posts\/2267\/revisions\/2319"}],"wp:featuredmedia":[{"embeddable":true,"href":"https:\/\/organizacion.corape.org.ec\/index.php\/wp-json\/wp\/v2\/media\/2269"}],"wp:attachment":[{"href":"https:\/\/organizacion.corape.org.ec\/index.php\/wp-json\/wp\/v2\/media?parent=2267"}],"wp:term":[{"taxonomy":"category","embeddable":true,"href":"https:\/\/organizacion.corape.org.ec\/index.php\/wp-json\/wp\/v2\/categories?post=2267"},{"taxonomy":"post_tag","embeddable":true,"href":"https:\/\/organizacion.corape.org.ec\/index.php\/wp-json\/wp\/v2\/tags?post=2267"}],"curies":[{"name":"wp","href":"https:\/\/api.w.org\/{rel}","templated":true}]}}