{"id":2245,"date":"2025-05-22T22:47:58","date_gmt":"2025-05-22T22:47:58","guid":{"rendered":"https:\/\/organizacion.corape.org.ec\/?p=2245"},"modified":"2025-06-13T03:12:22","modified_gmt":"2025-06-13T03:12:22","slug":"red-de-comunicadoras-de-ecuador-la-voz-de-la-amazonia","status":"publish","type":"post","link":"https:\/\/organizacion.corape.org.ec\/index.php\/2025\/05\/22\/red-de-comunicadoras-de-ecuador-la-voz-de-la-amazonia\/","title":{"rendered":"Red de Comunicadoras de Ecuador: La Voz de la Amazon\u00eda"},"content":{"rendered":"<div class=\"wpb-content-wrapper\"><p>[vc_row full_width=\u00bbstretch_row\u00bb][vc_column]<div class=\"ult-spacer spacer-69f43e2b57abd\" data-id=\"69f43e2b57abd\" data-height=\"100\" data-height-mobile=\"100\" data-height-tab=\"100\" data-height-tab-portrait=\"\" data-height-mobile-landscape=\"\" style=\"clear:both;display:block;\"><\/div>[vc_single_image image=\u00bb2246&#8243; img_size=\u00bbfull\u00bb alignment=\u00bbcenter\u00bb css=\u00bb\u00bb][\/vc_column][\/vc_row][vc_row][vc_column width=\u00bb1\/2&#8243;][vc_single_image image=\u00bb2247&#8243; img_size=\u00bbfull\u00bb css=\u00bb\u00bb][\/vc_column][vc_column width=\u00bb1\/2&#8243;][vc_column_text css=\u00bb\u00bb]<\/p>\n<p data-start=\"202\" data-end=\"478\">Esta iniciativa, ejecutada por CORAPE con el apoyo de la UICN, tuvo como prop\u00f3sito conformar una red de mujeres comunicadoras amaz\u00f3nicas, capaces de visibilizar las problem\u00e1ticas ambientales que enfrentan sus territorios desde un enfoque de g\u00e9nero e interculturalidad.<\/p>\n<p data-start=\"480\" data-end=\"897\">El proyecto cont\u00f3 con la participaci\u00f3n de ocho mujeres provenientes de distintas provincias de la Amazon\u00eda ecuatoriana. A trav\u00e9s de procesos formativos que combinaron encuentros presenciales y virtuales, y mediante el uso de herramientas pr\u00e1cticas como una unidad m\u00f3vil de podcasting y la aplicaci\u00f3n Colmena, las participantes fortalecieron sus capacidades para producir y difundir contenidos propios.<\/p>\n<p data-start=\"899\" data-end=\"1336\">Durante la ejecuci\u00f3n, las comunicadoras crearon el podcast \u201cRa\u00edces Afaye: Tejiendo voces desde la selva\u201d, una serie que recoge historias sobre c\u00f3mo las mujeres y sus comunidades enfrentan amenazas como la miner\u00eda, la contaminaci\u00f3n y el extractivismo, resaltando al mismo tiempo la organizaci\u00f3n comunitaria, la espiritualidad y la memoria colectiva como formas de resistencia.<\/p>\n<p data-start=\"1338\" data-end=\"1449\">En los \u00edconos disponibles, se puede explorar una muestra de los contenidos producidos en el marco del proyecto.<\/p>\n<p>[\/vc_column_text][\/vc_column][\/vc_row][vc_row][vc_column][vc_column_text]<\/p>\n<h2 style=\"text-align: center;\">PRODUCTOS REALIZADOS<\/h2>\n<p>[\/vc_column_text][\/vc_column][\/vc_row][vc_row][vc_column width=\u00bb1\/3&#8243;][\/vc_column][vc_column width=\u00bb1\/3&#8243;][vc_row_inner][vc_column_inner width=\u00bb1\/3&#8243;][vc_btn title=\u00bb\u00bb color=\u00bbsuccess\u00bb align=\u00bbcenter\u00bb i_icon_fontawesome=\u00bbfab fa-spotify\u00bb css=\u00bb\u00bb add_icon=\u00bbtrue\u00bb link=\u00bburl:https%3A%2F%2Fopen.spotify.com%2Fshow%2F187Bv2XRccHxdAEeqmi3G0%3Fsi%3D64eef0bf7792486c\u00bb][\/vc_column_inner][vc_column_inner width=\u00bb1\/3&#8243;][vc_btn title=\u00bb\u00bb color=\u00bbdanger\u00bb align=\u00bbcenter\u00bb i_icon_fontawesome=\u00bbfab fa-youtube\u00bb css=\u00bb\u00bb add_icon=\u00bbtrue\u00bb link=\u00bburl:https%3A%2F%2Fwww.youtube.com%2Fplaylist%3Flist%3DPLLr6LsZxV9wxZJ2O4z_x9zIIpOBu2nRGF\u00bb][\/vc_column_inner][vc_column_inner width=\u00bb1\/3&#8243;][vc_btn title=\u00bb\u00bb color=\u00bbwarning\u00bb i_icon_fontawesome=\u00bbfas fa-music\u00bb css=\u00bb\u00bb add_icon=\u00bbtrue\u00bb link=\u00bburl:https%3A%2F%2Fgo.ivoox.com%2Fsq%2F2679197&#8243;][\/vc_column_inner][\/vc_row_inner][\/vc_column][vc_column width=\u00bb1\/3&#8243;][\/vc_column][\/vc_row]<\/p>\n<\/div>","protected":false},"excerpt":{"rendered":"<p>[vc_row full_width=\u00bbstretch_row\u00bb][vc_column][vc_single_image image=\u00bb2246&#8243; img_size=\u00bbfull\u00bb alignment=\u00bbcenter\u00bb css=\u00bb\u00bb][\/vc_column][\/vc_row][vc_row][vc_column width=\u00bb1\/2&#8243;][vc_single_image image=\u00bb2247&#8243; img_size=\u00bbfull\u00bb css=\u00bb\u00bb][\/vc_column][vc_column width=\u00bb1\/2&#8243;][vc_column_text css=\u00bb\u00bb] Esta iniciativa, ejecutada por CORAPE con el apoyo de la UICN, tuvo como prop\u00f3sito conformar una red de mujeres comunicadoras amaz\u00f3nicas, capaces de visibilizar las problem\u00e1ticas ambientales que enfrentan sus territorios desde un enfoque de g\u00e9nero e interculturalidad. El proyecto cont\u00f3 con la&hellip;<\/p>\n","protected":false},"author":1,"featured_media":2247,"comment_status":"closed","ping_status":"closed","sticky":false,"template":"","format":"standard","meta":{"footnotes":""},"categories":[44,19],"tags":[],"class_list":["post-2245","post","type-post","status-publish","format-standard","has-post-thumbnail","hentry","category-ambiente","category-proyectos","category-44","category-19","description-off"],"_links":{"self":[{"href":"https:\/\/organizacion.corape.org.ec\/index.php\/wp-json\/wp\/v2\/posts\/2245","targetHints":{"allow":["GET"]}}],"collection":[{"href":"https:\/\/organizacion.corape.org.ec\/index.php\/wp-json\/wp\/v2\/posts"}],"about":[{"href":"https:\/\/organizacion.corape.org.ec\/index.php\/wp-json\/wp\/v2\/types\/post"}],"author":[{"embeddable":true,"href":"https:\/\/organizacion.corape.org.ec\/index.php\/wp-json\/wp\/v2\/users\/1"}],"replies":[{"embeddable":true,"href":"https:\/\/organizacion.corape.org.ec\/index.php\/wp-json\/wp\/v2\/comments?post=2245"}],"version-history":[{"count":4,"href":"https:\/\/organizacion.corape.org.ec\/index.php\/wp-json\/wp\/v2\/posts\/2245\/revisions"}],"predecessor-version":[{"id":2262,"href":"https:\/\/organizacion.corape.org.ec\/index.php\/wp-json\/wp\/v2\/posts\/2245\/revisions\/2262"}],"wp:featuredmedia":[{"embeddable":true,"href":"https:\/\/organizacion.corape.org.ec\/index.php\/wp-json\/wp\/v2\/media\/2247"}],"wp:attachment":[{"href":"https:\/\/organizacion.corape.org.ec\/index.php\/wp-json\/wp\/v2\/media?parent=2245"}],"wp:term":[{"taxonomy":"category","embeddable":true,"href":"https:\/\/organizacion.corape.org.ec\/index.php\/wp-json\/wp\/v2\/categories?post=2245"},{"taxonomy":"post_tag","embeddable":true,"href":"https:\/\/organizacion.corape.org.ec\/index.php\/wp-json\/wp\/v2\/tags?post=2245"}],"curies":[{"name":"wp","href":"https:\/\/api.w.org\/{rel}","templated":true}]}}