{"id":2241,"date":"2025-05-15T22:47:37","date_gmt":"2025-05-15T22:47:37","guid":{"rendered":"https:\/\/organizacion.corape.org.ec\/?p=2241"},"modified":"2025-06-13T03:35:17","modified_gmt":"2025-06-13T03:35:17","slug":"protagonismo-de-jovenes-comunicadores-indigenas-de-dureno","status":"publish","type":"post","link":"https:\/\/organizacion.corape.org.ec\/index.php\/2025\/05\/15\/protagonismo-de-jovenes-comunicadores-indigenas-de-dureno\/","title":{"rendered":"Protagonismo de J\u00f3venes Comunicadores Ind\u00edgenas Amaz\u00f3nicos en la Comunidad de Dureno"},"content":{"rendered":"<div class=\"wpb-content-wrapper\"><p>[vc_row full_width=\u00bbstretch_row\u00bb][vc_column]<div class=\"ult-spacer spacer-69f43e62c2325\" data-id=\"69f43e62c2325\" data-height=\"100\" data-height-mobile=\"100\" data-height-tab=\"100\" data-height-tab-portrait=\"\" data-height-mobile-landscape=\"\" style=\"clear:both;display:block;\"><\/div>[vc_single_image image=\u00bb2242&#8243; img_size=\u00bbfull\u00bb alignment=\u00bbcenter\u00bb css=\u00bb\u00bb][\/vc_column][\/vc_row][vc_row][vc_column width=\u00bb1\/2&#8243;][vc_single_image image=\u00bb2258&#8243; img_size=\u00bbfull\u00bb css=\u00bb\u00bb][\/vc_column][vc_column width=\u00bb1\/2&#8243;][vc_column_text css=\u00bb\u00bb]<\/p>\n<p data-start=\"277\" data-end=\"564\">El proyecto ejecutado por CORAPE con el apoyo de Manos Unidas, tuvo como objetivo fortalecer el protagonismo de j\u00f3venes de la Nacionalidad A\u2019i Cof\u00e1n en el \u00e1mbito de la comunicaci\u00f3n comunitaria, desde un enfoque de identidad cultural, derechos colectivos y defensa territorial.<\/p>\n<p data-start=\"566\" data-end=\"1082\">La iniciativa se desarroll\u00f3 en la comunidad de Dureno, provincia de Sucumb\u00edos, donde se llevaron a cabo procesos formativos en producci\u00f3n radial y se construy\u00f3 e implement\u00f3 una cabina popular de comunicaci\u00f3n para el uso comunitario. Como resultado, los y las j\u00f3venes produjeron y difundieron contenidos a trav\u00e9s del programa que crearon: \u201cA\u2019i Anjampa: Defensores de la Selva\u201d, compartiendo desde sus voces la sabidur\u00eda ancestral, la vida comunitaria y las luchas por la defensa del territorio.<\/p>\n<p data-start=\"1084\" data-end=\"1260\">Todas las acciones promovieron una comunicaci\u00f3n con enfoque intercultural, que potenci\u00f3 la voz de las juventudes ind\u00edgenas como defensoras del territorio, la cultura y la vida.<\/p>\n<p data-start=\"1262\" data-end=\"1384\">En el \u00edcono disponible, se pueden explorar los productos comunicacionales elaborados durante la ejecuci\u00f3n del proyecto.<\/p>\n<p>[\/vc_column_text][\/vc_column][\/vc_row][vc_row][vc_column][vc_column_text]<\/p>\n<h2 style=\"text-align: center;\">PRODUCTOS REALIZADOS<\/h2>\n<p>[\/vc_column_text][\/vc_column][\/vc_row][vc_row][vc_column width=\u00bb1\/3&#8243;][\/vc_column][vc_column width=\u00bb1\/3&#8243;][vc_row_inner][vc_column_inner][\/vc_column_inner][\/vc_row_inner][vc_btn title=\u00bb\u00bb color=\u00bbwarning\u00bb i_icon_fontawesome=\u00bbfas fa-music\u00bb css=\u00bb\u00bb add_icon=\u00bbtrue\u00bb link=\u00bburl:https%3A%2F%2Fwww.ivoox.com%2Fa-i-anjampa-defensores-selva_bk_list_11262706_1.html\u00bb][\/vc_column][vc_column width=\u00bb1\/3&#8243;][\/vc_column][\/vc_row]<\/p>\n<\/div>","protected":false},"excerpt":{"rendered":"<p>[vc_row full_width=\u00bbstretch_row\u00bb][vc_column][vc_single_image image=\u00bb2242&#8243; img_size=\u00bbfull\u00bb alignment=\u00bbcenter\u00bb css=\u00bb\u00bb][\/vc_column][\/vc_row][vc_row][vc_column width=\u00bb1\/2&#8243;][vc_single_image image=\u00bb2258&#8243; img_size=\u00bbfull\u00bb css=\u00bb\u00bb][\/vc_column][vc_column width=\u00bb1\/2&#8243;][vc_column_text css=\u00bb\u00bb] El proyecto ejecutado por CORAPE con el apoyo de Manos Unidas, tuvo como objetivo fortalecer el protagonismo de j\u00f3venes de la Nacionalidad A\u2019i Cof\u00e1n en el \u00e1mbito de la comunicaci\u00f3n comunitaria, desde un enfoque de identidad cultural, derechos colectivos y defensa territorial. La&hellip;<\/p>\n","protected":false},"author":1,"featured_media":2258,"comment_status":"closed","ping_status":"closed","sticky":false,"template":"","format":"standard","meta":{"footnotes":""},"categories":[43,19],"tags":[],"class_list":["post-2241","post","type-post","status-publish","format-standard","has-post-thumbnail","hentry","category-ninez-adolescencia","category-proyectos","category-43","category-19","description-off"],"_links":{"self":[{"href":"https:\/\/organizacion.corape.org.ec\/index.php\/wp-json\/wp\/v2\/posts\/2241","targetHints":{"allow":["GET"]}}],"collection":[{"href":"https:\/\/organizacion.corape.org.ec\/index.php\/wp-json\/wp\/v2\/posts"}],"about":[{"href":"https:\/\/organizacion.corape.org.ec\/index.php\/wp-json\/wp\/v2\/types\/post"}],"author":[{"embeddable":true,"href":"https:\/\/organizacion.corape.org.ec\/index.php\/wp-json\/wp\/v2\/users\/1"}],"replies":[{"embeddable":true,"href":"https:\/\/organizacion.corape.org.ec\/index.php\/wp-json\/wp\/v2\/comments?post=2241"}],"version-history":[{"count":8,"href":"https:\/\/organizacion.corape.org.ec\/index.php\/wp-json\/wp\/v2\/posts\/2241\/revisions"}],"predecessor-version":[{"id":2263,"href":"https:\/\/organizacion.corape.org.ec\/index.php\/wp-json\/wp\/v2\/posts\/2241\/revisions\/2263"}],"wp:featuredmedia":[{"embeddable":true,"href":"https:\/\/organizacion.corape.org.ec\/index.php\/wp-json\/wp\/v2\/media\/2258"}],"wp:attachment":[{"href":"https:\/\/organizacion.corape.org.ec\/index.php\/wp-json\/wp\/v2\/media?parent=2241"}],"wp:term":[{"taxonomy":"category","embeddable":true,"href":"https:\/\/organizacion.corape.org.ec\/index.php\/wp-json\/wp\/v2\/categories?post=2241"},{"taxonomy":"post_tag","embeddable":true,"href":"https:\/\/organizacion.corape.org.ec\/index.php\/wp-json\/wp\/v2\/tags?post=2241"}],"curies":[{"name":"wp","href":"https:\/\/api.w.org\/{rel}","templated":true}]}}