{"id":2201,"date":"2024-12-18T16:30:58","date_gmt":"2024-12-18T16:30:58","guid":{"rendered":"https:\/\/organizacion.corape.org.ec\/?p=2201"},"modified":"2026-03-31T16:57:30","modified_gmt":"2026-03-31T16:57:30","slug":"fortalecimiento-a-la-red-intercultural-amazonica-de-radios-riar-2020-2022","status":"publish","type":"post","link":"https:\/\/organizacion.corape.org.ec\/index.php\/2024\/12\/18\/fortalecimiento-a-la-red-intercultural-amazonica-de-radios-riar-2020-2022\/","title":{"rendered":"Periodismo y Protecci\u00f3n de la Amazon\u00eda 2023-2025"},"content":{"rendered":"<div class=\"wpb-content-wrapper\"><p>[vc_row full_width=\u00bbstretch_row\u00bb][vc_column]<div class=\"ult-spacer spacer-69f43dcd7d516\" data-id=\"69f43dcd7d516\" data-height=\"100\" data-height-mobile=\"100\" data-height-tab=\"100\" data-height-tab-portrait=\"\" data-height-mobile-landscape=\"\" style=\"clear:both;display:block;\"><\/div>[vc_single_image image=\u00bb2195&#8243; img_size=\u00bbfull\u00bb alignment=\u00bbcenter\u00bb css=\u00bb\u00bb][\/vc_column][\/vc_row][vc_row gap=\u00bb15&#8243;][vc_column width=\u00bb1\/2&#8243;][vc_single_image image=\u00bb2200&#8243; img_size=\u00bbfull\u00bb alignment=\u00bbcenter\u00bb css=\u00bb\u00bb][\/vc_column][vc_column width=\u00bb1\/2&#8243;][vc_column_text css=\u00bb\u00bb]El proyecto Periodismo y Protecci\u00f3n de la Amazon\u00eda est\u00e1 dise\u00f1ado para fortalecer las capacidades de las organizaciones medioambientales y de derechos humanos en su labor de defensa de esta regi\u00f3n vital, mediante el uso estrat\u00e9gico de la investigaci\u00f3n period\u00edstica. En un contexto de creciente crisis ambiental global, la Amazon\u00eda se posiciona como uno de los principales reservorios de biodiversidad del planeta, lo que subraya la importancia de su protecci\u00f3n y conservaci\u00f3n.<\/p>\n<p>En Ecuador, esta iniciativa ha enfocado sus esfuerzos en el desarrollo de competencias t\u00e9cnicas y habilidades pr\u00e1cticas en investigaci\u00f3n period\u00edstica para comunicadoras\/es de medios de comunicaci\u00f3n comunitarios y organizaciones sociales. El programa ha impulsado la producci\u00f3n de reportajes period\u00edsticos en m\u00faltiples formatos, todos ellos con enfoque en investigaci\u00f3n ambiental. Adem\u00e1s, se ha creado un mapa digital para la visibilizaci\u00f3n de los casos de afectaci\u00f3n ambiental e impulsar\u00e1 procesos de difusi\u00f3n para la incidencia a trav\u00e9s de investigaciones period\u00edsticas.<\/p>\n<p>En los \u00edconos disponibles, podr\u00e1n explorar todos los productos creados a lo largo de los a\u00f1os como resultado de este proyecto.[\/vc_column_text][\/vc_column][\/vc_row][vc_row][vc_column][vc_column_text]<\/p>\n<h2 style=\"text-align: center;\">PRODUCTOS REALIZADOS<\/h2>\n<p>[\/vc_column_text][\/vc_column][\/vc_row][vc_row][vc_column width=\u00bb1\/3&#8243;][\/vc_column][vc_column width=\u00bb1\/3&#8243;][vc_row_inner][vc_column_inner width=\u00bb1\/6&#8243;][vc_btn title=\u00bb\u00bb color=\u00bbjuicy-pink\u00bb i_icon_fontawesome=\u00bbfas fa-caret-square-right\u00bb css=\u00bb\u00bb add_icon=\u00bbtrue\u00bb link=\u00bburl:https%3A%2F%2Friar.corape.org.ec%2Findex.php%2Freportajes-audiovisuales-riar%2F\u00bb][\/vc_column_inner][vc_column_inner width=\u00bb1\/6&#8243;][vc_btn title=\u00bb\u00bb color=\u00bbviolet\u00bb i_icon_fontawesome=\u00bbfab fa-flickr\u00bb css=\u00bb\u00bb add_icon=\u00bbtrue\u00bb link=\u00bburl:https%3A%2F%2Fwww.flickr.com%2Fphotos%2Fcorape%2Falbums%2F72177720310495624%2F\u00bb][\/vc_column_inner][vc_column_inner width=\u00bb1\/6&#8243;][vc_btn title=\u00bb\u00bb color=\u00bbwarning\u00bb i_icon_fontawesome=\u00bbfas fa-music\u00bb css=\u00bb\u00bb add_icon=\u00bbtrue\u00bb link=\u00bburl:https%3A%2F%2Friar.corape.org.ec%2Findex.php%2Freportajes-radiales-riar%2F\u00bb][\/vc_column_inner][vc_column_inner width=\u00bb1\/6&#8243;][vc_btn title=\u00bb\u00bb color=\u00bbinverse\u00bb i_icon_fontawesome=\u00bbfas fa-book-open\u00bb css=\u00bb\u00bb add_icon=\u00bbtrue\u00bb link=\u00bburl:https%3A%2F%2Friar.corape.org.ec%2Findex.php%2Freportajes-escritos-inicio%2F\u00bb][\/vc_column_inner][vc_column_inner width=\u00bb1\/6&#8243;][\/vc_column_inner][\/vc_row_inner][vc_row_inner][vc_column_inner width=\u00bb1\/5&#8243;][vc_btn title=\u00bb\u00bb color=\u00bbsuccess\u00bb i_icon_fontawesome=\u00bbfab fa-android\u00bb css=\u00bb\u00bb add_icon=\u00bbtrue\u00bb link=\u00bburl:https%3A%2F%2Friar.corape.org.ec%2F\u00bb][\/vc_column_inner][vc_column_inner width=\u00bb1\/5&#8243;][vc_btn title=\u00bb\u00bb color=\u00bbpeacoc\u00bb i_icon_fontawesome=\u00bbfas fa-mouse\u00bb css=\u00bb\u00bb add_icon=\u00bbtrue\u00bb link=\u00bburl:https%3A%2F%2Fwww.yumpu.com%2Fes%2Fdocument%2Fread%2F68751951%2Fcartilla-protocolo-de-seguridad-fisica-y-digital-corape\u00bb][\/vc_column_inner][vc_column_inner width=\u00bb1\/5&#8243;][vc_btn title=\u00bb\u00bb color=\u00bbsandy-brown\u00bb i_icon_fontawesome=\u00bbfas fa-map-marked-alt\u00bb css=\u00bb\u00bb add_icon=\u00bbtrue\u00bb link=\u00bburl:https%3A%2F%2Fcorapemapa.netlify.app%2F\u00bb][\/vc_column_inner][vc_column_inner width=\u00bb1\/5&#8243;][vc_btn title=\u00bb\u00bb color=\u00bbinverse\u00bb i_type=\u00bbmaterial\u00bb i_icon_material=\u00bbvc-material vc-material-collections_bookmark\u00bb css=\u00bb\u00bb add_icon=\u00bbtrue\u00bb link=\u00bburl:https%3A%2F%2Fwww.yumpu.com%2Fes%2Fdocument%2Fread%2F71075031%2Fperiodismo-para-la-defensa-de-la-amazonia\u00bb][\/vc_column_inner][vc_column_inner width=\u00bb1\/5&#8243;][\/vc_column_inner][\/vc_row_inner][\/vc_column][vc_column width=\u00bb1\/3&#8243;][\/vc_column][\/vc_row]<\/p>\n<\/div>","protected":false},"excerpt":{"rendered":"<p>[vc_row full_width=\u00bbstretch_row\u00bb][vc_column][vc_single_image image=\u00bb2195&#8243; img_size=\u00bbfull\u00bb alignment=\u00bbcenter\u00bb css=\u00bb\u00bb][\/vc_column][\/vc_row][vc_row gap=\u00bb15&#8243;][vc_column width=\u00bb1\/2&#8243;][vc_single_image image=\u00bb2200&#8243; img_size=\u00bbfull\u00bb alignment=\u00bbcenter\u00bb css=\u00bb\u00bb][\/vc_column][vc_column width=\u00bb1\/2&#8243;][vc_column_text css=\u00bb\u00bb]El proyecto Periodismo y Protecci\u00f3n de la Amazon\u00eda est\u00e1 dise\u00f1ado para fortalecer las capacidades de las organizaciones medioambientales y de derechos humanos en su labor de defensa de esta regi\u00f3n vital, mediante el uso estrat\u00e9gico de la investigaci\u00f3n period\u00edstica. En un contexto&hellip;<\/p>\n","protected":false},"author":1,"featured_media":2196,"comment_status":"closed","ping_status":"closed","sticky":false,"template":"","format":"standard","meta":{"footnotes":""},"categories":[44,23,19],"tags":[40],"class_list":["post-2201","post","type-post","status-publish","format-standard","has-post-thumbnail","hentry","category-ambiente","category-dw-akademie","category-proyectos","tag-riosvoladores"],"_links":{"self":[{"href":"https:\/\/organizacion.corape.org.ec\/index.php\/wp-json\/wp\/v2\/posts\/2201","targetHints":{"allow":["GET"]}}],"collection":[{"href":"https:\/\/organizacion.corape.org.ec\/index.php\/wp-json\/wp\/v2\/posts"}],"about":[{"href":"https:\/\/organizacion.corape.org.ec\/index.php\/wp-json\/wp\/v2\/types\/post"}],"author":[{"embeddable":true,"href":"https:\/\/organizacion.corape.org.ec\/index.php\/wp-json\/wp\/v2\/users\/1"}],"replies":[{"embeddable":true,"href":"https:\/\/organizacion.corape.org.ec\/index.php\/wp-json\/wp\/v2\/comments?post=2201"}],"version-history":[{"count":13,"href":"https:\/\/organizacion.corape.org.ec\/index.php\/wp-json\/wp\/v2\/posts\/2201\/revisions"}],"predecessor-version":[{"id":2323,"href":"https:\/\/organizacion.corape.org.ec\/index.php\/wp-json\/wp\/v2\/posts\/2201\/revisions\/2323"}],"wp:featuredmedia":[{"embeddable":true,"href":"https:\/\/organizacion.corape.org.ec\/index.php\/wp-json\/wp\/v2\/media\/2196"}],"wp:attachment":[{"href":"https:\/\/organizacion.corape.org.ec\/index.php\/wp-json\/wp\/v2\/media?parent=2201"}],"wp:term":[{"taxonomy":"category","embeddable":true,"href":"https:\/\/organizacion.corape.org.ec\/index.php\/wp-json\/wp\/v2\/categories?post=2201"},{"taxonomy":"post_tag","embeddable":true,"href":"https:\/\/organizacion.corape.org.ec\/index.php\/wp-json\/wp\/v2\/tags?post=2201"}],"curies":[{"name":"wp","href":"https:\/\/api.w.org\/{rel}","templated":true}]}}