{"id":2121,"date":"2024-11-15T21:45:34","date_gmt":"2024-11-15T21:45:34","guid":{"rendered":"https:\/\/organizacion.corape.org.ec\/?p=2121"},"modified":"2026-03-31T17:01:43","modified_gmt":"2026-03-31T17:01:43","slug":"voces-de-la-amazonia-2024","status":"publish","type":"post","link":"https:\/\/organizacion.corape.org.ec\/index.php\/2024\/11\/15\/voces-de-la-amazonia-2024\/","title":{"rendered":"Voces de la Amazon\u00eda 2023-2025"},"content":{"rendered":"<div class=\"wpb-content-wrapper\"><p>[vc_row full_width=\u00bbstretch_row\u00bb][vc_column]<div class=\"ult-spacer spacer-69f43e3131919\" data-id=\"69f43e3131919\" data-height=\"100\" data-height-mobile=\"100\" data-height-tab=\"100\" data-height-tab-portrait=\"\" data-height-mobile-landscape=\"\" style=\"clear:both;display:block;\"><\/div>[vc_single_image image=\u00bb2123&#8243; img_size=\u00bbfull\u00bb alignment=\u00bbcenter\u00bb css=\u00bb\u00bb][\/vc_column][\/vc_row][vc_row][vc_column width=\u00bb1\/2&#8243;][vc_single_image image=\u00bb2124&#8243; img_size=\u00bbfull\u00bb css=\u00bb\u00bb][\/vc_column][vc_column width=\u00bb1\/2&#8243;][vc_column_text css=\u00bb\u00bb]Es la experiencia de mujeres comunicadoras comunitarias de la regi\u00f3n amaz\u00f3nica de Ecuador, quienes comparten historias desde sus territorios con un enfoque ambiental. En este proyecto han participado mujeres de organizaciones sociales, de Pueblos y Nacionalidades, as\u00ed como de medios de comunicaci\u00f3n comunitarios comprometidos con la creaci\u00f3n y difusi\u00f3n de las m\u00faltiples resistencias que se tejen en defensa del medio ambiente y el di\u00e1logo con enfoque de derechos humanos.<\/p>\n<p>Este proyecto ha contribuido a fortalecer las habilidades t\u00e9cnicas y te\u00f3ricas de las comunicadoras comunitarias, promoviendo el desarrollo de la comunicaci\u00f3n comunitaria dentro de la Red de Radios Comunitarias en la Amazon\u00eda. Adem\u00e1s, la iniciativa busca promover la participaci\u00f3n de las mujeres en el \u00e1mbito de la comunicaci\u00f3n comunitaria.<\/p>\n<p>Resultados<\/p>\n<ul>\n<li>Diagn\u00f3stico Ambiental \u2013 Comunicacional de la Amazon\u00eda Ecuatoriana, Brasile\u00f1a y Colombiana.<\/li>\n<li>Comunicadoras comunitarias que han fortalecido sus capacidades y destrezas en el uso de tecnolog\u00edas, herramientas digitales y producci\u00f3n audiovisual.<\/li>\n<li>Medios de comunicaci\u00f3n comunitaria fortalecidos con kits audiovisuales para desarrollar contenido con enfoque ambiental y de g\u00e9nero.<\/li>\n<li>Videos cortos elaborados por comunicadoras comunitarias de la regi\u00f3n amaz\u00f3nica del Ecuador.<\/li>\n<\/ul>\n<p>[\/vc_column_text][\/vc_column][\/vc_row][vc_row][vc_column][vc_column_text]<\/p>\n<h2 style=\"text-align: center;\">PRODUCTOS REALIZADOS<\/h2>\n<p>[\/vc_column_text][\/vc_column][\/vc_row][vc_row][vc_column width=\u00bb1\/3&#8243;][\/vc_column][vc_column width=\u00bb1\/3&#8243;][vc_row_inner][vc_column_inner width=\u00bb1\/2&#8243;][vc_btn title=\u00bb\u00bb color=\u00bbvista-blue\u00bb align=\u00bbcenter\u00bb i_icon_fontawesome=\u00bbfa fa-solid fa-book\u00bb css=\u00bb\u00bb add_icon=\u00bbtrue\u00bb link=\u00bburl:https%3A%2F%2Fwww.yumpu.com%2Fes%2Fdocument%2Fread%2F69200031%2Fdiagnostico-ambiental-y-comunicacional-de-la-amazonia-ecuatoriana|target:_blank\u00bb][\/vc_column_inner][vc_column_inner width=\u00bb1\/2&#8243;][vc_btn title=\u00bb\u00bb color=\u00bbvista-blue\u00bb align=\u00bbcenter\u00bb i_icon_fontawesome=\u00bbfa fa-solid fa-book\u00bb css=\u00bb\u00bb add_icon=\u00bbtrue\u00bb link=\u00bburl:https%3A%2F%2Fwww.yumpu.com%2Fes%2Fdocument%2Fread%2F70930611%2Fmanual-de-investigacion-con-enfoque-de-genero-vf%2F1|target:_blank\u00bb][\/vc_column_inner][vc_column_inner][vc_btn title=\u00bb\u00bb color=\u00bbdanger\u00bb align=\u00bbcenter\u00bb i_icon_fontawesome=\u00bbfa fa-solid fa-video\u00bb css=\u00bb\u00bb add_icon=\u00bbtrue\u00bb link=\u00bburl:https%3A%2F%2Fwww.youtube.com%2F%40vocesdelaamazonia-corape|target:_blank\u00bb][\/vc_column_inner][\/vc_row_inner][\/vc_column][vc_column width=\u00bb1\/3&#8243;][vc_row_inner][vc_column_inner css=\u00bb.vc_custom_1770156305568{border-top-width: 0px !important;border-right-width: 0px !important;border-bottom-width: 0px !important;border-left-width: 0px !important;padding-top: 0px !important;padding-right: 0px !important;padding-bottom: 0px !important;padding-left: 0px !important;}\u00bb][\/vc_column_inner][\/vc_row_inner][\/vc_column][\/vc_row]<\/p>\n<\/div>","protected":false},"excerpt":{"rendered":"<p>[vc_row full_width=\u00bbstretch_row\u00bb][vc_column][vc_single_image image=\u00bb2123&#8243; img_size=\u00bbfull\u00bb alignment=\u00bbcenter\u00bb css=\u00bb\u00bb][\/vc_column][\/vc_row][vc_row][vc_column width=\u00bb1\/2&#8243;][vc_single_image image=\u00bb2124&#8243; img_size=\u00bbfull\u00bb css=\u00bb\u00bb][\/vc_column][vc_column width=\u00bb1\/2&#8243;][vc_column_text css=\u00bb\u00bb]Es la experiencia de mujeres comunicadoras comunitarias de la regi\u00f3n amaz\u00f3nica de Ecuador, quienes comparten historias desde sus territorios con un enfoque ambiental. En este proyecto han participado mujeres de organizaciones sociales, de Pueblos y Nacionalidades, as\u00ed como de medios de comunicaci\u00f3n comunitarios comprometidos&hellip;<\/p>\n","protected":false},"author":1,"featured_media":2124,"comment_status":"closed","ping_status":"closed","sticky":false,"template":"","format":"standard","meta":{"footnotes":""},"categories":[44,19],"tags":[],"class_list":["post-2121","post","type-post","status-publish","format-standard","has-post-thumbnail","hentry","category-ambiente","category-proyectos","category-44","category-19","description-off"],"_links":{"self":[{"href":"https:\/\/organizacion.corape.org.ec\/index.php\/wp-json\/wp\/v2\/posts\/2121","targetHints":{"allow":["GET"]}}],"collection":[{"href":"https:\/\/organizacion.corape.org.ec\/index.php\/wp-json\/wp\/v2\/posts"}],"about":[{"href":"https:\/\/organizacion.corape.org.ec\/index.php\/wp-json\/wp\/v2\/types\/post"}],"author":[{"embeddable":true,"href":"https:\/\/organizacion.corape.org.ec\/index.php\/wp-json\/wp\/v2\/users\/1"}],"replies":[{"embeddable":true,"href":"https:\/\/organizacion.corape.org.ec\/index.php\/wp-json\/wp\/v2\/comments?post=2121"}],"version-history":[{"count":20,"href":"https:\/\/organizacion.corape.org.ec\/index.php\/wp-json\/wp\/v2\/posts\/2121\/revisions"}],"predecessor-version":[{"id":2324,"href":"https:\/\/organizacion.corape.org.ec\/index.php\/wp-json\/wp\/v2\/posts\/2121\/revisions\/2324"}],"wp:featuredmedia":[{"embeddable":true,"href":"https:\/\/organizacion.corape.org.ec\/index.php\/wp-json\/wp\/v2\/media\/2124"}],"wp:attachment":[{"href":"https:\/\/organizacion.corape.org.ec\/index.php\/wp-json\/wp\/v2\/media?parent=2121"}],"wp:term":[{"taxonomy":"category","embeddable":true,"href":"https:\/\/organizacion.corape.org.ec\/index.php\/wp-json\/wp\/v2\/categories?post=2121"},{"taxonomy":"post_tag","embeddable":true,"href":"https:\/\/organizacion.corape.org.ec\/index.php\/wp-json\/wp\/v2\/tags?post=2121"}],"curies":[{"name":"wp","href":"https:\/\/api.w.org\/{rel}","templated":true}]}}