{"id":1972,"date":"2023-12-14T16:40:41","date_gmt":"2023-12-14T16:40:41","guid":{"rendered":"https:\/\/organizacion.corape.org.ec\/?p=1972"},"modified":"2023-12-14T17:03:49","modified_gmt":"2023-12-14T17:03:49","slug":"pmabananoycacao","status":"publish","type":"post","link":"https:\/\/organizacion.corape.org.ec\/index.php\/2023\/12\/14\/pmabananoycacao\/","title":{"rendered":"CAMPA\u00d1A EDUCOMUNICACIONAL CACAO Y BANANO, ALIMENTOS NUTRITIVOS DEL ECUADOR &#8211; PMA"},"content":{"rendered":"<div class=\"wpb-content-wrapper\"><p>[vc_row full_width=\u00bbstretch_row\u00bb][vc_column]<div class=\"ult-spacer spacer-69f4c8824ad83\" data-id=\"69f4c8824ad83\" data-height=\"100\" data-height-mobile=\"100\" data-height-tab=\"100\" data-height-tab-portrait=\"\" data-height-mobile-landscape=\"\" style=\"clear:both;display:block;\"><\/div>[vc_single_image image=\u00bb1974&#8243; img_size=\u00bbfull\u00bb alignment=\u00bbcenter\u00bb][\/vc_column][\/vc_row][vc_row][vc_column width=\u00bb1\/2&#8243;][vc_single_image image=\u00bb1973&#8243; img_size=\u00bbfull\u00bb][\/vc_column][vc_column width=\u00bb1\/2&#8243;][vc_column_text]Junto con el Programa Mundial de Alimentos en Ecuador (WFP por sus siglas en ingl\u00e9s) trabajamos en la implementaci\u00f3n de una campa\u00f1a de comunicaci\u00f3n para sensibilizar sobre la importancia del consumo y valores nutricionales del banano y cacao en la poblaci\u00f3n del cant\u00f3n Mont\u00fafar de la provincia del Carchi, el cant\u00f3n Santa Elena en la provincia de Santa Elena y Quito en la provincia de Pichincha.<\/p>\n<p>En este contexto, se desarrollaron actividades sensibles a la nutricio\u0301n, el desarrollo y promocio\u0301n del consumo de Banano y Cacao, como activaciones, ferias, producci\u00f3n y difusi\u00f3n de productos comunicacionales en las Unidades Educativas y p\u00fablico en general en zonas rurales de Carchi, Santa Elena y Pichincha.<\/p>\n<p>En el link, presentamos videos producidos en el marco de esta campa\u00f1a.<\/p>\n<p>&nbsp;<\/p>\n<p>&nbsp;<\/p>\n<p>[\/vc_column_text][\/vc_column][\/vc_row][vc_row][vc_column][vc_column_text]<\/p>\n<h2 style=\"text-align: center;\">MATERIAL DE LA CAMPA\u00d1A<\/h2>\n<p>[\/vc_column_text][\/vc_column][\/vc_row][vc_row][vc_column width=\u00bb1\/3&#8243;][\/vc_column][vc_column width=\u00bb1\/3&#8243;][vc_row_inner][vc_column_inner width=\u00bb1\/2&#8243;][vc_btn title=\u00bb\u00bb color=\u00bbdanger\u00bb align=\u00bbcenter\u00bb i_icon_fontawesome=\u00bbfas fa-caret-square-right\u00bb add_icon=\u00bbtrue\u00bb link=\u00bburl:https%3A%2F%2Fwww.youtube.com%2Fplaylist%3Flist%3DPLW9tPsD0XDoWnJtHRweY9Gf3_C-9vyAbz\u00bb][\/vc_column_inner][vc_column_inner width=\u00bb1\/2&#8243;][vc_btn title=\u00bb\u00bb color=\u00bbinfo\u00bb align=\u00bbcenter\u00bb i_icon_fontawesome=\u00bbfas fa-book-open\u00bb add_icon=\u00bbtrue\u00bb link=\u00bburl:https%3A%2F%2Fwww.yumpu.com%2Fes%2Fdocument%2Fread%2F68572099%2Frecetario-pma\u00bb][\/vc_column_inner][\/vc_row_inner][\/vc_column][vc_column width=\u00bb1\/3&#8243;][\/vc_column][\/vc_row]<\/p>\n<\/div>","protected":false},"excerpt":{"rendered":"<p>[vc_row full_width=\u00bbstretch_row\u00bb][vc_column][vc_single_image image=\u00bb1974&#8243; img_size=\u00bbfull\u00bb alignment=\u00bbcenter\u00bb][\/vc_column][\/vc_row][vc_row][vc_column width=\u00bb1\/2&#8243;][vc_single_image image=\u00bb1973&#8243; img_size=\u00bbfull\u00bb][\/vc_column][vc_column width=\u00bb1\/2&#8243;][vc_column_text]Junto con el Programa Mundial de Alimentos en Ecuador (WFP por sus siglas en ingl\u00e9s) trabajamos en la implementaci\u00f3n de una campa\u00f1a de comunicaci\u00f3n para sensibilizar sobre la importancia del consumo y valores nutricionales del banano y cacao en la poblaci\u00f3n del cant\u00f3n Mont\u00fafar de la provincia&hellip;<\/p>\n","protected":false},"author":1,"featured_media":1973,"comment_status":"closed","ping_status":"closed","sticky":false,"template":"","format":"standard","meta":{"footnotes":""},"categories":[20],"tags":[],"class_list":["post-1972","post","type-post","status-publish","format-standard","has-post-thumbnail","hentry","category-campanas","category-20","description-off"],"_links":{"self":[{"href":"https:\/\/organizacion.corape.org.ec\/index.php\/wp-json\/wp\/v2\/posts\/1972","targetHints":{"allow":["GET"]}}],"collection":[{"href":"https:\/\/organizacion.corape.org.ec\/index.php\/wp-json\/wp\/v2\/posts"}],"about":[{"href":"https:\/\/organizacion.corape.org.ec\/index.php\/wp-json\/wp\/v2\/types\/post"}],"author":[{"embeddable":true,"href":"https:\/\/organizacion.corape.org.ec\/index.php\/wp-json\/wp\/v2\/users\/1"}],"replies":[{"embeddable":true,"href":"https:\/\/organizacion.corape.org.ec\/index.php\/wp-json\/wp\/v2\/comments?post=1972"}],"version-history":[{"count":5,"href":"https:\/\/organizacion.corape.org.ec\/index.php\/wp-json\/wp\/v2\/posts\/1972\/revisions"}],"predecessor-version":[{"id":1979,"href":"https:\/\/organizacion.corape.org.ec\/index.php\/wp-json\/wp\/v2\/posts\/1972\/revisions\/1979"}],"wp:featuredmedia":[{"embeddable":true,"href":"https:\/\/organizacion.corape.org.ec\/index.php\/wp-json\/wp\/v2\/media\/1973"}],"wp:attachment":[{"href":"https:\/\/organizacion.corape.org.ec\/index.php\/wp-json\/wp\/v2\/media?parent=1972"}],"wp:term":[{"taxonomy":"category","embeddable":true,"href":"https:\/\/organizacion.corape.org.ec\/index.php\/wp-json\/wp\/v2\/categories?post=1972"},{"taxonomy":"post_tag","embeddable":true,"href":"https:\/\/organizacion.corape.org.ec\/index.php\/wp-json\/wp\/v2\/tags?post=1972"}],"curies":[{"name":"wp","href":"https:\/\/api.w.org\/{rel}","templated":true}]}}