{"id":1894,"date":"2023-04-10T22:06:00","date_gmt":"2023-04-10T22:06:00","guid":{"rendered":"https:\/\/organizacion.corape.org.ec\/?p=1894"},"modified":"2024-11-26T18:54:47","modified_gmt":"2024-11-26T18:54:47","slug":"fortalecimientoops","status":"publish","type":"post","link":"https:\/\/organizacion.corape.org.ec\/index.php\/2023\/04\/10\/fortalecimientoops\/","title":{"rendered":"Fortalecimiento de la vacunaci\u00f3n Covid-19 con Chatbot y Radios"},"content":{"rendered":"<div class=\"wpb-content-wrapper\"><p>[vc_row full_width=\u00bbstretch_row\u00bb][vc_column]<div class=\"ult-spacer spacer-69f43e49a96b7\" data-id=\"69f43e49a96b7\" data-height=\"100\" data-height-mobile=\"100\" data-height-tab=\"100\" data-height-tab-portrait=\"\" data-height-mobile-landscape=\"\" style=\"clear:both;display:block;\"><\/div>[vc_single_image image=\u00bb1913&#8243; img_size=\u00bbfull\u00bb alignment=\u00bbcenter\u00bb][\/vc_column][\/vc_row][vc_row gap=\u00bb10&#8243; css=\u00bb.vc_custom_1645721611004{border-radius: 10px !important;}\u00bb][vc_column width=\u00bb1\/2&#8243;][vc_single_image image=\u00bb1912&#8243; img_size=\u00bbfull\u00bb alignment=\u00bbcenter\u00bb][\/vc_column][vc_column width=\u00bb1\/2&#8243;]<div class=\"ult-spacer spacer-69f43e49a96e4\" data-id=\"69f43e49a96e4\" data-height=\"100\" data-height-mobile=\"100\" data-height-tab=\"100\" data-height-tab-portrait=\"\" data-height-mobile-landscape=\"\" style=\"clear:both;display:block;\"><\/div>[vc_column_text]<span style=\"font-weight: 400;\">Fortalecimiento de la vacunaci\u00f3n Covid-19 con Chatbot y Radios<\/span><\/p>\n<p>Con el objetivo de fortalecer el proceso de vacunaci\u00f3n contra la COVID-19 en la amazonia y sierra centro del Ecuador,\u00a0 CORAPE con el apoyo de la Organizaci\u00f3n Panamericana de la Salud ejecut\u00f3 un proyecto, entre los meses de febrero a marzo de 2023, que consisti\u00f3 en el envio y difusi\u00f3n de informaci\u00f3n en torno a la COVID-19 y la vacunaci\u00f3n mediante Chatbot y\u00a0 estrategias comunicacionales implementadas en medios comunitarios.\u00a0Con esta herramienta las personas pudieron consultar:<\/p>\n<ul>\n<li style=\"list-style-type: none;\">\n<ul>\n<li style=\"list-style-type: none;\">\n<ul>\n<li>Puntos de vacunaci\u00f3n<\/li>\n<li>Obtenci\u00f3n del certificado de vacunaci\u00f3n<\/li>\n<li>Importancia de la vacunaci\u00f3n a trav\u00e9s de cu\u00f1as y cartillas informativas trabajadas en proyectos anteriores con la OPS<\/li>\n<li>Respuestas frente a dudas o mitos de la vacunaci\u00f3n<\/li>\n<\/ul>\n<\/li>\n<\/ul>\n<\/li>\n<\/ul>\n<p>[\/vc_column_text][\/vc_column][\/vc_row][vc_row][vc_column][vc_column_text]<\/p>\n<h2 style=\"text-align: center;\">PRODUCTOS REALIZADOS<\/h2>\n<p>[\/vc_column_text][\/vc_column][\/vc_row][vc_row][vc_column width=\u00bb1\/3&#8243;][\/vc_column][vc_column width=\u00bb1\/3&#8243;][vc_row_inner][vc_column_inner width=\u00bb1\/3&#8243;][vc_btn title=\u00bb\u00bb color=\u00bbprimary\u00bb i_icon_fontawesome=\u00bbfas fa-robot\u00bb add_icon=\u00bbtrue\u00bb link=\u00bburl:https%3A%2F%2Fwww.facebook.com%2Fphoto.php%3Ffbid%3D747686600368451%26set%3Dpb.100053813544870.-2207520000.%26type%3D3&#8243;][\/vc_column_inner][vc_column_inner width=\u00bb1\/3&#8243;][\/vc_column_inner][vc_column_inner width=\u00bb1\/3&#8243;][vc_btn title=\u00bb\u00bb color=\u00bbwarning\u00bb align=\u00bbcenter\u00bb i_icon_fontawesome=\u00bbfab fa-sellsy\u00bb add_icon=\u00bbtrue\u00bb link=\u00bburl:https%3A%2F%2Fwww.yumpu.com%2Fes%2Fdocument%2Fread%2F67859821%2Fdiagramacion-chatbot-ops-copy-1&#8243;][\/vc_column_inner][\/vc_row_inner][\/vc_column][vc_column width=\u00bb1\/3&#8243;][\/vc_column][\/vc_row]<\/p>\n<\/div>","protected":false},"excerpt":{"rendered":"<p>[vc_row full_width=\u00bbstretch_row\u00bb][vc_column][vc_single_image image=\u00bb1913&#8243; img_size=\u00bbfull\u00bb alignment=\u00bbcenter\u00bb][\/vc_column][\/vc_row][vc_row gap=\u00bb10&#8243; css=\u00bb.vc_custom_1645721611004{border-radius: 10px !important;}\u00bb][vc_column width=\u00bb1\/2&#8243;][vc_single_image image=\u00bb1912&#8243; img_size=\u00bbfull\u00bb alignment=\u00bbcenter\u00bb][\/vc_column][vc_column width=\u00bb1\/2&#8243;][vc_column_text]Fortalecimiento de la vacunaci\u00f3n Covid-19 con Chatbot y Radios Con el objetivo de fortalecer el proceso de vacunaci\u00f3n contra la COVID-19 en la amazonia y sierra centro del Ecuador,\u00a0 CORAPE con el apoyo de la Organizaci\u00f3n Panamericana de la Salud ejecut\u00f3 un&hellip;<\/p>\n","protected":false},"author":1,"featured_media":1912,"comment_status":"closed","ping_status":"closed","sticky":false,"template":"","format":"standard","meta":{"footnotes":""},"categories":[41,50],"tags":[],"class_list":["post-1894","post","type-post","status-publish","format-standard","has-post-thumbnail","hentry","category-ops","category-salud","category-41","category-50","description-off"],"_links":{"self":[{"href":"https:\/\/organizacion.corape.org.ec\/index.php\/wp-json\/wp\/v2\/posts\/1894","targetHints":{"allow":["GET"]}}],"collection":[{"href":"https:\/\/organizacion.corape.org.ec\/index.php\/wp-json\/wp\/v2\/posts"}],"about":[{"href":"https:\/\/organizacion.corape.org.ec\/index.php\/wp-json\/wp\/v2\/types\/post"}],"author":[{"embeddable":true,"href":"https:\/\/organizacion.corape.org.ec\/index.php\/wp-json\/wp\/v2\/users\/1"}],"replies":[{"embeddable":true,"href":"https:\/\/organizacion.corape.org.ec\/index.php\/wp-json\/wp\/v2\/comments?post=1894"}],"version-history":[{"count":18,"href":"https:\/\/organizacion.corape.org.ec\/index.php\/wp-json\/wp\/v2\/posts\/1894\/revisions"}],"predecessor-version":[{"id":1986,"href":"https:\/\/organizacion.corape.org.ec\/index.php\/wp-json\/wp\/v2\/posts\/1894\/revisions\/1986"}],"wp:featuredmedia":[{"embeddable":true,"href":"https:\/\/organizacion.corape.org.ec\/index.php\/wp-json\/wp\/v2\/media\/1912"}],"wp:attachment":[{"href":"https:\/\/organizacion.corape.org.ec\/index.php\/wp-json\/wp\/v2\/media?parent=1894"}],"wp:term":[{"taxonomy":"category","embeddable":true,"href":"https:\/\/organizacion.corape.org.ec\/index.php\/wp-json\/wp\/v2\/categories?post=1894"},{"taxonomy":"post_tag","embeddable":true,"href":"https:\/\/organizacion.corape.org.ec\/index.php\/wp-json\/wp\/v2\/tags?post=1894"}],"curies":[{"name":"wp","href":"https:\/\/api.w.org\/{rel}","templated":true}]}}