{"id":1572,"date":"2022-08-04T15:29:23","date_gmt":"2022-08-04T15:29:23","guid":{"rendered":"https:\/\/organizacion.corape.org.ec\/?p=1572"},"modified":"2024-11-26T18:42:40","modified_gmt":"2024-11-26T18:42:40","slug":"programas-educativos-para-lenguas-kichua-andino-y-shuar","status":"publish","type":"post","link":"https:\/\/organizacion.corape.org.ec\/index.php\/2022\/08\/04\/programas-educativos-para-lenguas-kichua-andino-y-shuar\/","title":{"rendered":"Programas educativos radiales para lenguas Kichwa andino y Shuar"},"content":{"rendered":"<div class=\"wpb-content-wrapper\"><p>[vc_row full_width=\u00bbstretch_row\u00bb][vc_column]<div class=\"ult-spacer spacer-69f43e62edfa1\" data-id=\"69f43e62edfa1\" data-height=\"100\" data-height-mobile=\"100\" data-height-tab=\"100\" data-height-tab-portrait=\"\" data-height-mobile-landscape=\"\" style=\"clear:both;display:block;\"><\/div>[vc_single_image image=\u00bb1586&#8243; img_size=\u00bbfull\u00bb alignment=\u00bbcenter\u00bb][\/vc_column][\/vc_row][vc_row][vc_column width=\u00bb1\/2&#8243;][vc_single_image image=\u00bb1587&#8243; img_size=\u00bbfull\u00bb][\/vc_column][vc_column width=\u00bb1\/2&#8243;][vc_column_text]<\/p>\n<p style=\"text-align: justify;\">Los programas radiales han sido desarrollados para promover el uso de las lenguas de los distintos pueblos y nacionalidades ind\u00edgenas de nuestro pa\u00eds. Los acompa\u00f1an estas gu\u00edas pedag\u00f3gicas, las cuales brindan pautas para utilizar estos recursos auditivos en el aula, y en ese sentido han sido desarrolladas para que puedan ser aplicadas en toda la comunidad educativa del Sistema de Educaci\u00f3n Intercultural Biling\u00fce; sin embargo, se recomienda que estas gu\u00edas sean adaptadas en funci\u00f3n de las caracter\u00edsticas del grupo o nivel educativo con el que se trabaje la actividad, as\u00ed como de las necesidades locales de cada instituci\u00f3n educativa.<\/p>\n<p style=\"text-align: justify;\">Invitamos a docentes, maestras y maestros comunitarios a utilizar los microprogramas de radio en sus clases y a promover su uso en las familias y, de esta manera, generar reflexiones sobre la importancia de la cultura.<\/p>\n<p style=\"text-align: justify;\">El presente material fue elaborado por la Coordinadora de Medios Comunitarios Populares y Educativos de Ecuador (CORAPE), la Secretar\u00eda de Educaci\u00f3n Intercultural Biling\u00fce y la Etnoeducaci\u00f3n (SEIBE) y Educa Contigo, con el apoyo del Fondo de las Naciones Unidas para la Infancia (UNICEF).<\/p>\n<p>[\/vc_column_text][\/vc_column][\/vc_row][vc_row][vc_column][vc_column_text]<\/p>\n<h2 style=\"text-align: center;\">PRODUCTOS REALIZADOS<\/h2>\n<p>[\/vc_column_text][\/vc_column][\/vc_row][vc_row][vc_column width=\u00bb1\/3&#8243;][\/vc_column][vc_column width=\u00bb1\/3&#8243;][vc_row_inner][vc_column_inner width=\u00bb1\/2&#8243;][vc_btn title=\u00bb\u00bb color=\u00bbwarning\u00bb align=\u00bbcenter\u00bb i_icon_fontawesome=\u00bbfas fa-music\u00bb add_icon=\u00bbtrue\u00bb link=\u00bburl:https%3A%2F%2Fgo.ivoox.com%2Fsq%2F1617335&#8243;][\/vc_column_inner][vc_column_inner width=\u00bb1\/2&#8243;][vc_btn title=\u00bb\u00bb color=\u00bbblack\u00bb align=\u00bbcenter\u00bb i_icon_fontawesome=\u00bbfas fa-book-open\u00bb add_icon=\u00bbtrue\u00bb][\/vc_column_inner][\/vc_row_inner][\/vc_column][vc_column width=\u00bb1\/3&#8243;][\/vc_column][\/vc_row]<\/p>\n<\/div>","protected":false},"excerpt":{"rendered":"<p>[vc_row full_width=\u00bbstretch_row\u00bb][vc_column][vc_single_image image=\u00bb1586&#8243; img_size=\u00bbfull\u00bb alignment=\u00bbcenter\u00bb][\/vc_column][\/vc_row][vc_row][vc_column width=\u00bb1\/2&#8243;][vc_single_image image=\u00bb1587&#8243; img_size=\u00bbfull\u00bb][\/vc_column][vc_column width=\u00bb1\/2&#8243;][vc_column_text] Los programas radiales han sido desarrollados para promover el uso de las lenguas de los distintos pueblos y nacionalidades ind\u00edgenas de nuestro pa\u00eds. Los acompa\u00f1an estas gu\u00edas pedag\u00f3gicas, las cuales brindan pautas para utilizar estos recursos auditivos en el aula, y en ese sentido han sido&hellip;<\/p>\n","protected":false},"author":1,"featured_media":1587,"comment_status":"closed","ping_status":"closed","sticky":false,"template":"","format":"standard","meta":{"footnotes":""},"categories":[43,19,22],"tags":[],"class_list":["post-1572","post","type-post","status-publish","format-standard","has-post-thumbnail","hentry","category-ninez-adolescencia","category-proyectos","category-unicef","category-43","category-19","category-22","description-off"],"_links":{"self":[{"href":"https:\/\/organizacion.corape.org.ec\/index.php\/wp-json\/wp\/v2\/posts\/1572","targetHints":{"allow":["GET"]}}],"collection":[{"href":"https:\/\/organizacion.corape.org.ec\/index.php\/wp-json\/wp\/v2\/posts"}],"about":[{"href":"https:\/\/organizacion.corape.org.ec\/index.php\/wp-json\/wp\/v2\/types\/post"}],"author":[{"embeddable":true,"href":"https:\/\/organizacion.corape.org.ec\/index.php\/wp-json\/wp\/v2\/users\/1"}],"replies":[{"embeddable":true,"href":"https:\/\/organizacion.corape.org.ec\/index.php\/wp-json\/wp\/v2\/comments?post=1572"}],"version-history":[{"count":18,"href":"https:\/\/organizacion.corape.org.ec\/index.php\/wp-json\/wp\/v2\/posts\/1572\/revisions"}],"predecessor-version":[{"id":1774,"href":"https:\/\/organizacion.corape.org.ec\/index.php\/wp-json\/wp\/v2\/posts\/1572\/revisions\/1774"}],"wp:featuredmedia":[{"embeddable":true,"href":"https:\/\/organizacion.corape.org.ec\/index.php\/wp-json\/wp\/v2\/media\/1587"}],"wp:attachment":[{"href":"https:\/\/organizacion.corape.org.ec\/index.php\/wp-json\/wp\/v2\/media?parent=1572"}],"wp:term":[{"taxonomy":"category","embeddable":true,"href":"https:\/\/organizacion.corape.org.ec\/index.php\/wp-json\/wp\/v2\/categories?post=1572"},{"taxonomy":"post_tag","embeddable":true,"href":"https:\/\/organizacion.corape.org.ec\/index.php\/wp-json\/wp\/v2\/tags?post=1572"}],"curies":[{"name":"wp","href":"https:\/\/api.w.org\/{rel}","templated":true}]}}