{"id":1329,"date":"2022-03-04T22:40:30","date_gmt":"2022-03-04T22:40:30","guid":{"rendered":"https:\/\/organizacion.corape.org.ec\/?p=1329"},"modified":"2022-03-07T22:54:56","modified_gmt":"2022-03-07T22:54:56","slug":"conversemos-en-nuestro-idioma-por-la-vida-de-las-lenguas-indigenas","status":"publish","type":"post","link":"https:\/\/organizacion.corape.org.ec\/index.php\/2022\/03\/04\/conversemos-en-nuestro-idioma-por-la-vida-de-las-lenguas-indigenas\/","title":{"rendered":"CONVERSEMOS EN NUESTRO IDIOMA &#8211; POR LA VIDA DE LAS LENGUAS IND\u00cdGENAS"},"content":{"rendered":"<div class=\"wpb-content-wrapper\"><p>[vc_row][vc_column]<div class=\"ult-spacer spacer-69f4c8da98a39\" data-id=\"69f4c8da98a39\" data-height=\"110\" data-height-mobile=\"110\" data-height-tab=\"110\" data-height-tab-portrait=\"\" data-height-mobile-landscape=\"\" style=\"clear:both;display:block;\"><\/div>[\/vc_column][\/vc_row][vc_row full_width=\u00bbstretch_row\u00bb css=\u00bb.vc_custom_1646433441482{background-image: url(https:\/\/organizacion.corape.org.ec\/wp-content\/uploads\/2022\/02\/MAMAPACHITA-1.png?id=869) !important;background-position: center !important;background-repeat: no-repeat !important;background-size: contain !important;}\u00bb][vc_column]<div class=\"ult-spacer spacer-69f4c8da98a65\" data-id=\"69f4c8da98a65\" data-height=\"300\" data-height-mobile=\"300\" data-height-tab=\"300\" data-height-tab-portrait=\"\" data-height-mobile-landscape=\"\" style=\"clear:both;display:block;\"><\/div>[\/vc_column][\/vc_row][vc_row][vc_column][vc_row_inner][vc_column_inner width=\u00bb1\/2&#8243;][vc_single_image image=\u00bb851&#8243; img_size=\u00bbfull\u00bb][vc_column_text][\/vc_column_text][\/vc_column_inner][vc_column_inner width=\u00bb1\/2&#8243; css=\u00bb.vc_custom_1646693404969{border-left-width: 20px !important;}\u00bb][vc_column_text]<\/p>\n<p class=\"p5\" style=\"text-align: justify;\"><span class=\"s2\">En el marco del a\u00f1o de las lenguas ind\u00edgenas, con el apoyo de UNESCO, se lleva a cabo la campa\u00f1a: <\/span>Conversemos en nuestro idioma, una serie de programas guiados por Mama Pachita, quien nos ense\u00f1a a hablar en idiomas de nuestros pueblos y nacionalidades.<span class=\"Apple-converted-space\">\u00a0<\/span><\/p>\n<p class=\"p8\" style=\"text-align: justify;\">Dentro de los productos realizados en esta campa\u00f1a se encuentran:<span class=\"Apple-converted-space\">\u00a0<\/span><\/p>\n<ol class=\"ol1\">\n<li class=\"li9\" style=\"text-align: justify;\">Produci\u00f3n de cu\u00f1as<span class=\"Apple-converted-space\">\u00a0<\/span><\/li>\n<li class=\"li9\" style=\"text-align: justify;\">Producci\u00f3n de videos<\/li>\n<li class=\"li9\" style=\"text-align: justify;\">Dise\u00f1o de artes<\/li>\n<\/ol>\n<p>[\/vc_column_text][\/vc_column_inner][\/vc_row_inner][\/vc_column][\/vc_row][vc_row][vc_column width=\u00bb1\/3&#8243;][\/vc_column][vc_column width=\u00bb1\/3&#8243;][vc_column_text]<\/p>\n<h3 style=\"text-align: center;\">Producciones:<\/h3>\n<p>[\/vc_column_text][vc_row_inner][vc_column_inner width=\u00bb1\/4&#8243;][vc_btn title=\u00bb\u00bb color=\u00bbinverse\u00bb align=\u00bbcenter\u00bb i_icon_fontawesome=\u00bbfas fa-book-open\u00bb add_icon=\u00bbtrue\u00bb link=\u00bburl:https%3A%2F%2Fwww.yumpu.com%2Fes%2Fdocument%2Fread%2F66464826%2F-presentacion-lenguas-indigenas\u00bb][\/vc_column_inner][vc_column_inner width=\u00bb1\/4&#8243;][vc_btn title=\u00bb\u00bb color=\u00bbviolet\u00bb align=\u00bbcenter\u00bb i_icon_fontawesome=\u00bbfab fa-flickr\u00bb add_icon=\u00bbtrue\u00bb link=\u00bburl:https%3A%2F%2Fflic.kr%2Fs%2FaHsmVTa3AH\u00bb][\/vc_column_inner][vc_column_inner width=\u00bb1\/4&#8243;][vc_btn title=\u00bb\u00bb color=\u00bbwarning\u00bb align=\u00bbcenter\u00bb i_icon_fontawesome=\u00bbfas fa-music\u00bb add_icon=\u00bbtrue\u00bb link=\u00bburl:https%3A%2F%2Fwww.ivoox.com%2Fpodcast-campana-conversemos-nuestros-idiomas_sq_f1704246_1.html\u00bb][\/vc_column_inner][vc_column_inner width=\u00bb1\/4&#8243;][vc_btn title=\u00bb\u00bb color=\u00bbdanger\u00bb align=\u00bbcenter\u00bb i_icon_fontawesome=\u00bbfab fa-youtube\u00bb add_icon=\u00bbtrue\u00bb link=\u00bburl:https%3A%2F%2Fyoutube.com%2Fplaylist%3Flist%3DPLLr6LsZxV9wwtlgGfY-e4Z6Kf4GG3p75A\u00bb][\/vc_column_inner][\/vc_row_inner][\/vc_column][vc_column width=\u00bb1\/3&#8243;][\/vc_column][\/vc_row]<\/p>\n<\/div>","protected":false},"excerpt":{"rendered":"<p>[vc_row][vc_column][\/vc_column][\/vc_row][vc_row full_width=\u00bbstretch_row\u00bb css=\u00bb.vc_custom_1646433441482{background-image: url(https:\/\/organizacion.corape.org.ec\/wp-content\/uploads\/2022\/02\/MAMAPACHITA-1.png?id=869) !important;background-position: center !important;background-repeat: no-repeat !important;background-size: contain !important;}\u00bb][vc_column][\/vc_column][\/vc_row][vc_row][vc_column][vc_row_inner][vc_column_inner width=\u00bb1\/2&#8243;][vc_single_image image=\u00bb851&#8243; img_size=\u00bbfull\u00bb][vc_column_text][\/vc_column_text][\/vc_column_inner][vc_column_inner width=\u00bb1\/2&#8243; css=\u00bb.vc_custom_1646693404969{border-left-width: 20px !important;}\u00bb][vc_column_text] En el marco del a\u00f1o de las lenguas ind\u00edgenas, con el apoyo de UNESCO, se lleva a cabo la campa\u00f1a: Conversemos en nuestro idioma, una serie de programas guiados por Mama Pachita, quien nos ense\u00f1a a hablar&hellip;<\/p>\n","protected":false},"author":1,"featured_media":851,"comment_status":"closed","ping_status":"closed","sticky":false,"template":"","format":"standard","meta":{"footnotes":""},"categories":[20],"tags":[],"class_list":["post-1329","post","type-post","status-publish","format-standard","has-post-thumbnail","hentry","category-campanas","category-20","description-off"],"_links":{"self":[{"href":"https:\/\/organizacion.corape.org.ec\/index.php\/wp-json\/wp\/v2\/posts\/1329","targetHints":{"allow":["GET"]}}],"collection":[{"href":"https:\/\/organizacion.corape.org.ec\/index.php\/wp-json\/wp\/v2\/posts"}],"about":[{"href":"https:\/\/organizacion.corape.org.ec\/index.php\/wp-json\/wp\/v2\/types\/post"}],"author":[{"embeddable":true,"href":"https:\/\/organizacion.corape.org.ec\/index.php\/wp-json\/wp\/v2\/users\/1"}],"replies":[{"embeddable":true,"href":"https:\/\/organizacion.corape.org.ec\/index.php\/wp-json\/wp\/v2\/comments?post=1329"}],"version-history":[{"count":8,"href":"https:\/\/organizacion.corape.org.ec\/index.php\/wp-json\/wp\/v2\/posts\/1329\/revisions"}],"predecessor-version":[{"id":1397,"href":"https:\/\/organizacion.corape.org.ec\/index.php\/wp-json\/wp\/v2\/posts\/1329\/revisions\/1397"}],"wp:featuredmedia":[{"embeddable":true,"href":"https:\/\/organizacion.corape.org.ec\/index.php\/wp-json\/wp\/v2\/media\/851"}],"wp:attachment":[{"href":"https:\/\/organizacion.corape.org.ec\/index.php\/wp-json\/wp\/v2\/media?parent=1329"}],"wp:term":[{"taxonomy":"category","embeddable":true,"href":"https:\/\/organizacion.corape.org.ec\/index.php\/wp-json\/wp\/v2\/categories?post=1329"},{"taxonomy":"post_tag","embeddable":true,"href":"https:\/\/organizacion.corape.org.ec\/index.php\/wp-json\/wp\/v2\/tags?post=1329"}],"curies":[{"name":"wp","href":"https:\/\/api.w.org\/{rel}","templated":true}]}}