{"id":1310,"date":"2022-03-04T21:20:08","date_gmt":"2022-03-04T21:20:08","guid":{"rendered":"https:\/\/organizacion.corape.org.ec\/?p=1310"},"modified":"2022-03-04T21:21:02","modified_gmt":"2022-03-04T21:21:02","slug":"ceplaes-programa-desechos-cambio-climatico-y-bosques","status":"publish","type":"post","link":"https:\/\/organizacion.corape.org.ec\/index.php\/2022\/03\/04\/ceplaes-programa-desechos-cambio-climatico-y-bosques\/","title":{"rendered":"CEPLAES &#8211; PROGRAMA DESECHOS, CAMBIO CLIM\u00c1TICO Y BOSQUES"},"content":{"rendered":"<div class=\"wpb-content-wrapper\"><p>[vc_row][vc_column]<div class=\"ult-spacer spacer-69f4c928d5122\" data-id=\"69f4c928d5122\" data-height=\"110\" data-height-mobile=\"110\" data-height-tab=\"110\" data-height-tab-portrait=\"\" data-height-mobile-landscape=\"\" style=\"clear:both;display:block;\"><\/div>[\/vc_column][\/vc_row][vc_row full_width=\u00bbstretch_row\u00bb css=\u00bb.vc_custom_1646428723598{background-image: url(https:\/\/organizacion.corape.org.ec\/wp-content\/uploads\/2022\/02\/PROTECCIONBOSQUES.png?id=873) !important;background-position: center !important;background-repeat: no-repeat !important;background-size: contain !important;}\u00bb][vc_column]<div class=\"ult-spacer spacer-69f4c928d514e\" data-id=\"69f4c928d514e\" data-height=\"300\" data-height-mobile=\"300\" data-height-tab=\"300\" data-height-tab-portrait=\"\" data-height-mobile-landscape=\"\" style=\"clear:both;display:block;\"><\/div>[\/vc_column][\/vc_row][vc_row][vc_column][vc_row_inner][vc_column_inner width=\u00bb1\/2&#8243;][vc_single_image image=\u00bb854&#8243; img_size=\u00bbfull\u00bb][\/vc_column_inner][vc_column_inner width=\u00bb1\/2&#8243;][vc_column_text]<\/p>\n<h3 style=\"text-align: justify;\">Campa\u00f1a ambiental para proteger a los bosque y evitar la contaminaci\u00f3n de bosques<\/h3>\n<p style=\"text-align: justify;\">Desde los a\u00f1os ochenta, CEPLAES\u00a0 trabaja en este campo, realizando estudios\u00a0 sobre los impactos socioambientales derivados de pol\u00edticas como la colonizaci\u00f3n, las actividades extractivistas, plantaciones, entre otras; sobre la incorporaci\u00f3n de recursos naturales e impactos ambientales en las cuentas nacionales; la peque\u00f1a miner\u00eda, incluido un estudio sobre las percepciones de la poblaci\u00f3n de Intag al respecto, los impactos de la degradaci\u00f3n ambiental en la salud de mujeres y ni\u00f1os de \u00e1reas urbano-populares. En los noventa, impuls\u00f3 un proceso de reflexi\u00f3n pionero en el pa\u00eds, en torno a la articulaci\u00f3n entre mujeres y ambiente, que culmin\u00f3 con la realizaci\u00f3n del Encuentro internacional \u201cMujer y medio ambiente en Am\u00e9rica Latina y el Caribe\u201d (1991); y del Seminario \u201cLa dimensi\u00f3n de g\u00e9nero en las pol\u00edticas y acciones ambientales ecuatorianas\u201d (1995), cuyos resultados fueron ampliamente difundidos.<\/p>\n<p>[\/vc_column_text][\/vc_column_inner][\/vc_row_inner][vc_column_text]<\/p>\n<p style=\"text-align: justify;\">Desde 2010, el Centro lleva a cabo el programa \u201cDerechos, Bosques y Cambio Clim\u00e1tico\u201d, orientado a construir y fortalecer las capacidades de los Pueblos y Nacionalidades en torno a temas como biodiversidad, manejo territorial y de los recursos del bosque, derechos y cambio clim\u00e1tico. Este trabajo lo realizamos \u00a0principalmente en la Amazon\u00eda centro sur y en la frontera sur del Ecuador con las nacionalidades Shuar, Achuar y Kichwa; y, con la poblaci\u00f3n afrodescendiente de Esmeraldas. Las l\u00edneas generales de trabajo est\u00e1n relacionadas a los impactos del cambio del clima, \u00a0las iniciativas nacionales a internacionales de incentivos por conservaci\u00f3n, incidencia en la aplicaci\u00f3n de normas ambientales y forestales, fortalecimiento de la comunicaci\u00f3n comunitaria, creaci\u00f3n de una plataforma de j\u00f3venes activistas. Adem\u00e1s, se han producido materiales educativos con la participaci\u00f3n de los Pueblos y Nacionalidades.<\/p>\n<p>[\/vc_column_text][\/vc_column][\/vc_row][vc_row][vc_column width=\u00bb1\/3&#8243;][\/vc_column][vc_column width=\u00bb1\/3&#8243;][vc_row_inner][vc_column_inner][vc_column_text]<\/p>\n<h3 style=\"text-align: center;\">Producciones:<\/h3>\n<p>[\/vc_column_text][vc_btn title=\u00bb\u00bb color=\u00bbwarning\u00bb align=\u00bbcenter\u00bb i_icon_fontawesome=\u00bbfas fa-music\u00bb add_icon=\u00bbtrue\u00bb link=\u00bburl:https%3A%2F%2Fwww.ivoox.com%2Fpodcast-ceplaes-programa-desechos-cambio-climatico_sq_f1753438_1.html\u00bb][\/vc_column_inner][\/vc_row_inner][\/vc_column][vc_column width=\u00bb1\/3&#8243;][\/vc_column][\/vc_row]<\/p>\n<\/div>","protected":false},"excerpt":{"rendered":"<p>[vc_row][vc_column][\/vc_column][\/vc_row][vc_row full_width=\u00bbstretch_row\u00bb css=\u00bb.vc_custom_1646428723598{background-image: url(https:\/\/organizacion.corape.org.ec\/wp-content\/uploads\/2022\/02\/PROTECCIONBOSQUES.png?id=873) !important;background-position: center !important;background-repeat: no-repeat !important;background-size: contain !important;}\u00bb][vc_column][\/vc_column][\/vc_row][vc_row][vc_column][vc_row_inner][vc_column_inner width=\u00bb1\/2&#8243;][vc_single_image image=\u00bb854&#8243; img_size=\u00bbfull\u00bb][\/vc_column_inner][vc_column_inner width=\u00bb1\/2&#8243;][vc_column_text] Campa\u00f1a ambiental para proteger a los bosque y evitar la contaminaci\u00f3n de bosques Desde los a\u00f1os ochenta, CEPLAES\u00a0 trabaja en este campo, realizando estudios\u00a0 sobre los impactos socioambientales derivados de pol\u00edticas como la colonizaci\u00f3n, las actividades extractivistas, plantaciones, entre otras;&hellip;<\/p>\n","protected":false},"author":1,"featured_media":854,"comment_status":"closed","ping_status":"closed","sticky":false,"template":"","format":"standard","meta":{"footnotes":""},"categories":[20],"tags":[],"class_list":["post-1310","post","type-post","status-publish","format-standard","has-post-thumbnail","hentry","category-campanas","category-20","description-off"],"_links":{"self":[{"href":"https:\/\/organizacion.corape.org.ec\/index.php\/wp-json\/wp\/v2\/posts\/1310","targetHints":{"allow":["GET"]}}],"collection":[{"href":"https:\/\/organizacion.corape.org.ec\/index.php\/wp-json\/wp\/v2\/posts"}],"about":[{"href":"https:\/\/organizacion.corape.org.ec\/index.php\/wp-json\/wp\/v2\/types\/post"}],"author":[{"embeddable":true,"href":"https:\/\/organizacion.corape.org.ec\/index.php\/wp-json\/wp\/v2\/users\/1"}],"replies":[{"embeddable":true,"href":"https:\/\/organizacion.corape.org.ec\/index.php\/wp-json\/wp\/v2\/comments?post=1310"}],"version-history":[{"count":3,"href":"https:\/\/organizacion.corape.org.ec\/index.php\/wp-json\/wp\/v2\/posts\/1310\/revisions"}],"predecessor-version":[{"id":1313,"href":"https:\/\/organizacion.corape.org.ec\/index.php\/wp-json\/wp\/v2\/posts\/1310\/revisions\/1313"}],"wp:featuredmedia":[{"embeddable":true,"href":"https:\/\/organizacion.corape.org.ec\/index.php\/wp-json\/wp\/v2\/media\/854"}],"wp:attachment":[{"href":"https:\/\/organizacion.corape.org.ec\/index.php\/wp-json\/wp\/v2\/media?parent=1310"}],"wp:term":[{"taxonomy":"category","embeddable":true,"href":"https:\/\/organizacion.corape.org.ec\/index.php\/wp-json\/wp\/v2\/categories?post=1310"},{"taxonomy":"post_tag","embeddable":true,"href":"https:\/\/organizacion.corape.org.ec\/index.php\/wp-json\/wp\/v2\/tags?post=1310"}],"curies":[{"name":"wp","href":"https:\/\/api.w.org\/{rel}","templated":true}]}}