{"id":1304,"date":"2022-03-04T21:11:01","date_gmt":"2022-03-04T21:11:01","guid":{"rendered":"https:\/\/organizacion.corape.org.ec\/?p=1304"},"modified":"2022-03-04T21:11:01","modified_gmt":"2022-03-04T21:11:01","slug":"eco-ciencia-campana-de-proteccion-del-tapir","status":"publish","type":"post","link":"https:\/\/organizacion.corape.org.ec\/index.php\/2022\/03\/04\/eco-ciencia-campana-de-proteccion-del-tapir\/","title":{"rendered":"ECO CIENCIA &#8211; CAMPA\u00d1A DE PROTECCI\u00d3N DEL TAPIR"},"content":{"rendered":"<div class=\"wpb-content-wrapper\"><p>[vc_row][vc_column]<div class=\"ult-spacer spacer-69f4d16357a5c\" data-id=\"69f4d16357a5c\" data-height=\"110\" data-height-mobile=\"110\" data-height-tab=\"110\" data-height-tab-portrait=\"\" data-height-mobile-landscape=\"\" style=\"clear:both;display:block;\"><\/div>[\/vc_column][\/vc_row][vc_row full_width=\u00bbstretch_row\u00bb css=\u00bb.vc_custom_1646428132178{background-image: url(https:\/\/organizacion.corape.org.ec\/wp-content\/uploads\/2022\/02\/PROTECCIONTAPIR.png?id=874) !important;background-position: center !important;background-repeat: no-repeat !important;background-size: contain !important;}\u00bb][vc_column]<div class=\"ult-spacer spacer-69f4d16357a8a\" data-id=\"69f4d16357a8a\" data-height=\"300\" data-height-mobile=\"300\" data-height-tab=\"300\" data-height-tab-portrait=\"\" data-height-mobile-landscape=\"\" style=\"clear:both;display:block;\"><\/div>[\/vc_column][\/vc_row][vc_row][vc_column][vc_row_inner][vc_column_inner width=\u00bb1\/2&#8243;][vc_single_image image=\u00bb855&#8243; img_size=\u00bbfull\u00bb][\/vc_column_inner][vc_column_inner width=\u00bb1\/2&#8243;][vc_column_text]<\/p>\n<h3>Campa\u00f1a de concienciaci\u00f3n para la protecci\u00f3n del tapir, un animalito en extinci\u00f3n<\/h3>\n<p>[\/vc_column_text][vc_single_image image=\u00bb1305&#8243; img_size=\u00bbfull\u00bb alignment=\u00bbcenter\u00bb][\/vc_column_inner][\/vc_row_inner][\/vc_column][\/vc_row][vc_row][vc_column width=\u00bb1\/3&#8243;][\/vc_column][vc_column width=\u00bb1\/3&#8243;][vc_row_inner][vc_column_inner][vc_column_text]<\/p>\n<h3 style=\"text-align: center;\">Producciones:<\/h3>\n<p>[\/vc_column_text][vc_btn title=\u00bb\u00bb color=\u00bbwarning\u00bb align=\u00bbcenter\u00bb i_icon_fontawesome=\u00bbfas fa-music\u00bb add_icon=\u00bbtrue\u00bb link=\u00bburl:https%3A%2F%2Fwww.ivoox.com%2Fpodcast-campana-de-proteccion-del-tapir_sq_f1753434_1.html\u00bb][\/vc_column_inner][\/vc_row_inner][\/vc_column][vc_column width=\u00bb1\/3&#8243;][\/vc_column][\/vc_row]<\/p>\n<\/div>","protected":false},"excerpt":{"rendered":"<p>[vc_row][vc_column][\/vc_column][\/vc_row][vc_row full_width=\u00bbstretch_row\u00bb css=\u00bb.vc_custom_1646428132178{background-image: url(https:\/\/organizacion.corape.org.ec\/wp-content\/uploads\/2022\/02\/PROTECCIONTAPIR.png?id=874) !important;background-position: center !important;background-repeat: no-repeat !important;background-size: contain !important;}\u00bb][vc_column][\/vc_column][\/vc_row][vc_row][vc_column][vc_row_inner][vc_column_inner width=\u00bb1\/2&#8243;][vc_single_image image=\u00bb855&#8243; img_size=\u00bbfull\u00bb][\/vc_column_inner][vc_column_inner width=\u00bb1\/2&#8243;][vc_column_text] Campa\u00f1a de concienciaci\u00f3n para la protecci\u00f3n del tapir, un animalito en extinci\u00f3n [\/vc_column_text][vc_single_image image=\u00bb1305&#8243; img_size=\u00bbfull\u00bb alignment=\u00bbcenter\u00bb][\/vc_column_inner][\/vc_row_inner][\/vc_column][\/vc_row][vc_row][vc_column width=\u00bb1\/3&#8243;][\/vc_column][vc_column width=\u00bb1\/3&#8243;][vc_row_inner][vc_column_inner][vc_column_text] Producciones: [\/vc_column_text][vc_btn title=\u00bb\u00bb color=\u00bbwarning\u00bb align=\u00bbcenter\u00bb i_icon_fontawesome=\u00bbfas fa-music\u00bb add_icon=\u00bbtrue\u00bb link=\u00bburl:https%3A%2F%2Fwww.ivoox.com%2Fpodcast-campana-de-proteccion-del-tapir_sq_f1753434_1.html\u00bb][\/vc_column_inner][\/vc_row_inner][\/vc_column][vc_column width=\u00bb1\/3&#8243;][\/vc_column][\/vc_row]<\/p>\n","protected":false},"author":1,"featured_media":855,"comment_status":"closed","ping_status":"closed","sticky":false,"template":"","format":"standard","meta":{"footnotes":""},"categories":[20],"tags":[],"class_list":["post-1304","post","type-post","status-publish","format-standard","has-post-thumbnail","hentry","category-campanas","category-20","description-off"],"_links":{"self":[{"href":"https:\/\/organizacion.corape.org.ec\/index.php\/wp-json\/wp\/v2\/posts\/1304","targetHints":{"allow":["GET"]}}],"collection":[{"href":"https:\/\/organizacion.corape.org.ec\/index.php\/wp-json\/wp\/v2\/posts"}],"about":[{"href":"https:\/\/organizacion.corape.org.ec\/index.php\/wp-json\/wp\/v2\/types\/post"}],"author":[{"embeddable":true,"href":"https:\/\/organizacion.corape.org.ec\/index.php\/wp-json\/wp\/v2\/users\/1"}],"replies":[{"embeddable":true,"href":"https:\/\/organizacion.corape.org.ec\/index.php\/wp-json\/wp\/v2\/comments?post=1304"}],"version-history":[{"count":1,"href":"https:\/\/organizacion.corape.org.ec\/index.php\/wp-json\/wp\/v2\/posts\/1304\/revisions"}],"predecessor-version":[{"id":1306,"href":"https:\/\/organizacion.corape.org.ec\/index.php\/wp-json\/wp\/v2\/posts\/1304\/revisions\/1306"}],"wp:featuredmedia":[{"embeddable":true,"href":"https:\/\/organizacion.corape.org.ec\/index.php\/wp-json\/wp\/v2\/media\/855"}],"wp:attachment":[{"href":"https:\/\/organizacion.corape.org.ec\/index.php\/wp-json\/wp\/v2\/media?parent=1304"}],"wp:term":[{"taxonomy":"category","embeddable":true,"href":"https:\/\/organizacion.corape.org.ec\/index.php\/wp-json\/wp\/v2\/categories?post=1304"},{"taxonomy":"post_tag","embeddable":true,"href":"https:\/\/organizacion.corape.org.ec\/index.php\/wp-json\/wp\/v2\/tags?post=1304"}],"curies":[{"name":"wp","href":"https:\/\/api.w.org\/{rel}","templated":true}]}}