{"id":1302,"date":"2022-03-04T21:08:01","date_gmt":"2022-03-04T21:08:01","guid":{"rendered":"https:\/\/organizacion.corape.org.ec\/?p=1302"},"modified":"2022-03-04T21:08:01","modified_gmt":"2022-03-04T21:08:01","slug":"secretaria-nacional-del-agua","status":"publish","type":"post","link":"https:\/\/organizacion.corape.org.ec\/index.php\/2022\/03\/04\/secretaria-nacional-del-agua\/","title":{"rendered":"SECRETAR\u00cdA NACIONAL DEL AGUA"},"content":{"rendered":"<div class=\"wpb-content-wrapper\"><p>[vc_row][vc_column]<div class=\"ult-spacer spacer-69f4c8aca5b6d\" data-id=\"69f4c8aca5b6d\" data-height=\"110\" data-height-mobile=\"110\" data-height-tab=\"110\" data-height-tab-portrait=\"\" data-height-mobile-landscape=\"\" style=\"clear:both;display:block;\"><\/div>[\/vc_column][\/vc_row][vc_row full_width=\u00bbstretch_row\u00bb css=\u00bb.vc_custom_1646427958997{background-image: url(https:\/\/organizacion.corape.org.ec\/wp-content\/uploads\/2022\/02\/CUIDADOAGUA.png?id=864) !important;background-position: center !important;background-repeat: no-repeat !important;background-size: contain !important;}\u00bb][vc_column]<div class=\"ult-spacer spacer-69f4c8aca5b9a\" data-id=\"69f4c8aca5b9a\" data-height=\"300\" data-height-mobile=\"300\" data-height-tab=\"300\" data-height-tab-portrait=\"\" data-height-mobile-landscape=\"\" style=\"clear:both;display:block;\"><\/div>[\/vc_column][\/vc_row][vc_row][vc_column][vc_row_inner][vc_column_inner width=\u00bb1\/2&#8243;][vc_single_image image=\u00bb844&#8243; img_size=\u00bbfull\u00bb][\/vc_column_inner][vc_column_inner width=\u00bb1\/2&#8243;][vc_column_text]<\/p>\n<h3 style=\"text-align: justify;\">Campa\u00f1a de protecci\u00f3n del agua \u00abGuardianes del\u00a0agua\u00bb<\/h3>\n<p style=\"text-align: justify;\">La campa\u00f1a\u00a0tiene como objetivo la sensibilizaci\u00f3n hacia la construcci\u00f3n participativa de una cultura responsable del uso y aprovechamiento del agua, que contribuya a su conservaci\u00f3n, recuperaci\u00f3n y manejo integral de las cuencas, este programa es un compromiso de la Secretaria Nacional del Agua, en cumplimiento al mandato constitucional para garantizar la calidad y cantidad del agua para las presentes y futuras generaciones, as\u00ed como la valoraci\u00f3n y la recuperaci\u00f3n de los conocimientos ancestrales de los pueblos y las nacionalidades en torno al agua.<\/p>\n<p>[\/vc_column_text][\/vc_column_inner][\/vc_row_inner][\/vc_column][\/vc_row][vc_row][vc_column width=\u00bb1\/3&#8243;][\/vc_column][vc_column width=\u00bb1\/3&#8243;][vc_row_inner][vc_column_inner][vc_column_text]<\/p>\n<h3 style=\"text-align: center;\">Producciones:<\/h3>\n<p>[\/vc_column_text][vc_btn title=\u00bb\u00bb color=\u00bbwarning\u00bb align=\u00bbcenter\u00bb i_icon_fontawesome=\u00bbfas fa-music\u00bb add_icon=\u00bbtrue\u00bb link=\u00bburl:https%3A%2F%2Fwww.ivoox.com%2Fpodcast-campana-para-promover-conservacion-cuidado-de_sq_f1753431_1.html\u00bb][\/vc_column_inner][\/vc_row_inner][\/vc_column][vc_column width=\u00bb1\/3&#8243;][\/vc_column][\/vc_row]<\/p>\n<\/div>","protected":false},"excerpt":{"rendered":"<p>[vc_row][vc_column][\/vc_column][\/vc_row][vc_row full_width=\u00bbstretch_row\u00bb css=\u00bb.vc_custom_1646427958997{background-image: url(https:\/\/organizacion.corape.org.ec\/wp-content\/uploads\/2022\/02\/CUIDADOAGUA.png?id=864) !important;background-position: center !important;background-repeat: no-repeat !important;background-size: contain !important;}\u00bb][vc_column][\/vc_column][\/vc_row][vc_row][vc_column][vc_row_inner][vc_column_inner width=\u00bb1\/2&#8243;][vc_single_image image=\u00bb844&#8243; img_size=\u00bbfull\u00bb][\/vc_column_inner][vc_column_inner width=\u00bb1\/2&#8243;][vc_column_text] Campa\u00f1a de protecci\u00f3n del agua \u00abGuardianes del\u00a0agua\u00bb La campa\u00f1a\u00a0tiene como objetivo la sensibilizaci\u00f3n hacia la construcci\u00f3n participativa de una cultura responsable del uso y aprovechamiento del agua, que contribuya a su conservaci\u00f3n, recuperaci\u00f3n y manejo integral de las cuencas, este&hellip;<\/p>\n","protected":false},"author":1,"featured_media":844,"comment_status":"closed","ping_status":"closed","sticky":false,"template":"","format":"standard","meta":{"footnotes":""},"categories":[20],"tags":[],"class_list":["post-1302","post","type-post","status-publish","format-standard","has-post-thumbnail","hentry","category-campanas","category-20","description-off"],"_links":{"self":[{"href":"https:\/\/organizacion.corape.org.ec\/index.php\/wp-json\/wp\/v2\/posts\/1302","targetHints":{"allow":["GET"]}}],"collection":[{"href":"https:\/\/organizacion.corape.org.ec\/index.php\/wp-json\/wp\/v2\/posts"}],"about":[{"href":"https:\/\/organizacion.corape.org.ec\/index.php\/wp-json\/wp\/v2\/types\/post"}],"author":[{"embeddable":true,"href":"https:\/\/organizacion.corape.org.ec\/index.php\/wp-json\/wp\/v2\/users\/1"}],"replies":[{"embeddable":true,"href":"https:\/\/organizacion.corape.org.ec\/index.php\/wp-json\/wp\/v2\/comments?post=1302"}],"version-history":[{"count":1,"href":"https:\/\/organizacion.corape.org.ec\/index.php\/wp-json\/wp\/v2\/posts\/1302\/revisions"}],"predecessor-version":[{"id":1303,"href":"https:\/\/organizacion.corape.org.ec\/index.php\/wp-json\/wp\/v2\/posts\/1302\/revisions\/1303"}],"wp:featuredmedia":[{"embeddable":true,"href":"https:\/\/organizacion.corape.org.ec\/index.php\/wp-json\/wp\/v2\/media\/844"}],"wp:attachment":[{"href":"https:\/\/organizacion.corape.org.ec\/index.php\/wp-json\/wp\/v2\/media?parent=1302"}],"wp:term":[{"taxonomy":"category","embeddable":true,"href":"https:\/\/organizacion.corape.org.ec\/index.php\/wp-json\/wp\/v2\/categories?post=1302"},{"taxonomy":"post_tag","embeddable":true,"href":"https:\/\/organizacion.corape.org.ec\/index.php\/wp-json\/wp\/v2\/tags?post=1302"}],"curies":[{"name":"wp","href":"https:\/\/api.w.org\/{rel}","templated":true}]}}