{"id":1295,"date":"2022-03-04T20:41:37","date_gmt":"2022-03-04T20:41:37","guid":{"rendered":"https:\/\/organizacion.corape.org.ec\/?p=1295"},"modified":"2022-03-04T20:41:37","modified_gmt":"2022-03-04T20:41:37","slug":"catholic-relief-services-con-la-mision-scalabriniana-kiubo-nan-vamo-palante","status":"publish","type":"post","link":"https:\/\/organizacion.corape.org.ec\/index.php\/2022\/03\/04\/catholic-relief-services-con-la-mision-scalabriniana-kiubo-nan-vamo-palante\/","title":{"rendered":"CATHOLIC RELIEF SERVICES CON LA MISI\u00d3N SCALABRINIANA: KIUBO \u00d1A\u00d1@ VAMO PA\u00b4LANTE"},"content":{"rendered":"<div class=\"wpb-content-wrapper\"><p>[vc_row][vc_column]<div class=\"ult-spacer spacer-69f4c8cd7f50c\" data-id=\"69f4c8cd7f50c\" data-height=\"110\" data-height-mobile=\"110\" data-height-tab=\"110\" data-height-tab-portrait=\"\" data-height-mobile-landscape=\"\" style=\"clear:both;display:block;\"><\/div>[\/vc_column][\/vc_row][vc_row full_width=\u00bbstretch_row\u00bb css=\u00bb.vc_custom_1646426379675{background-image: url(https:\/\/organizacion.corape.org.ec\/wp-content\/uploads\/2022\/02\/KIUBONANO-1.png?id=868) !important;background-position: center !important;background-repeat: no-repeat !important;background-size: contain !important;}\u00bb][vc_column]<div class=\"ult-spacer spacer-69f4c8cd7f545\" data-id=\"69f4c8cd7f545\" data-height=\"300\" data-height-mobile=\"300\" data-height-tab=\"300\" data-height-tab-portrait=\"\" data-height-mobile-landscape=\"\" style=\"clear:both;display:block;\"><\/div>[\/vc_column][\/vc_row][vc_row][vc_column][vc_row_inner][vc_column_inner width=\u00bb1\/2&#8243;][vc_single_image image=\u00bb850&#8243; img_size=\u00bbfull\u00bb][\/vc_column_inner][vc_column_inner width=\u00bb1\/2&#8243;][vc_column_text]<\/p>\n<h3 style=\"text-align: justify;\">Kiubo \u00f1a\u00f1@ Vamos pa\u00b4lante<\/h3>\n<p style=\"text-align: justify;\">Campa\u00f1a de integraci\u00f3n cultural de ecuatorianos y colombianos en la frontera norte de Ecuador, dirigida a la poblaci\u00f3n Colombia que huye de su pa\u00eds por la situaci\u00f3n de violencia y conflicto armado; es acogida por la poblaci\u00f3n ecuatoriana. La campa\u00f1a est\u00e1 conformada por una radionovela de 12 cap\u00edtulos para fomentar la integraci\u00f3n entre Colombia y Ecuador. Producida junto a\u00a0<a href=\"https:\/\/www.crsespanol.org\/\" target=\"_blank\" rel=\"noopener\">Catholic Relief Services (CRS)<\/a>\u00a0que cumple el compromiso que los obispos cat\u00f3licos de los Estados Unidos han asumido de ayudar a los pobres y desamparados en el extranjero, se da una respuesta a emergencias, se lucha contra la pobreza y la enfermedad; para construir sociedades que puedan vivir en paz y justicia.<\/p>\n<p style=\"text-align: justify;\">CRS proporciona acompa\u00f1amiento y apoyo a las poblaciones de bajos\u00a0recursos y vulnerables en cerca de 100 pa\u00edses alrededor del mundo.<\/p>\n<p style=\"text-align: justify;\">Dentro de la campa\u00f1a\u00a0Kiubo \u00f1a\u00f1@ Vamos pa\u00b4lante, se define a las mismas como:<\/p>\n<blockquote>\n<p style=\"text-align: justify;\"><strong>KIUBO:<\/strong>\u00a0Saludo cl\u00e1sico colombiano<\/p>\n<p style=\"text-align: justify;\"><strong>\u00d1A\u00d1@:\u00a0<\/strong>Palabra kichwa que significa herman@s del mismo padre y madre<\/p>\n<p style=\"text-align: justify;\"><strong>Vamos pa\u00b4lante:\u00a0<\/strong>Expresi\u00f3n colombiana que muestra la capacidad de resiliencia del pueblo.<\/p>\n<\/blockquote>\n<p>[\/vc_column_text][\/vc_column_inner][\/vc_row_inner][\/vc_column][\/vc_row][vc_row][vc_column width=\u00bb1\/3&#8243;][\/vc_column][vc_column width=\u00bb1\/3&#8243;][vc_row_inner][vc_column_inner][vc_column_text]<\/p>\n<h3 style=\"text-align: center;\">La Serie:<\/h3>\n<p>[\/vc_column_text][vc_btn title=\u00bb\u00bb color=\u00bbwarning\u00bb align=\u00bbcenter\u00bb i_icon_fontawesome=\u00bbfas fa-music\u00bb add_icon=\u00bbtrue\u00bb link=\u00bburl:https%3A%2F%2Fwww.ivoox.com%2Fpodcast-kiubo-nana-vamos-pa-lante_sq_f1751667_1.html\u00bb][\/vc_column_inner][\/vc_row_inner][\/vc_column][vc_column width=\u00bb1\/3&#8243;][\/vc_column][\/vc_row]<\/p>\n<\/div>","protected":false},"excerpt":{"rendered":"<p>[vc_row][vc_column][\/vc_column][\/vc_row][vc_row full_width=\u00bbstretch_row\u00bb css=\u00bb.vc_custom_1646426379675{background-image: url(https:\/\/organizacion.corape.org.ec\/wp-content\/uploads\/2022\/02\/KIUBONANO-1.png?id=868) !important;background-position: center !important;background-repeat: no-repeat !important;background-size: contain !important;}\u00bb][vc_column][\/vc_column][\/vc_row][vc_row][vc_column][vc_row_inner][vc_column_inner width=\u00bb1\/2&#8243;][vc_single_image image=\u00bb850&#8243; img_size=\u00bbfull\u00bb][\/vc_column_inner][vc_column_inner width=\u00bb1\/2&#8243;][vc_column_text] Kiubo \u00f1a\u00f1@ Vamos pa\u00b4lante Campa\u00f1a de integraci\u00f3n cultural de ecuatorianos y colombianos en la frontera norte de Ecuador, dirigida a la poblaci\u00f3n Colombia que huye de su pa\u00eds por la situaci\u00f3n de violencia y conflicto armado; es acogida por la&hellip;<\/p>\n","protected":false},"author":1,"featured_media":850,"comment_status":"closed","ping_status":"closed","sticky":false,"template":"","format":"standard","meta":{"footnotes":""},"categories":[20],"tags":[],"class_list":["post-1295","post","type-post","status-publish","format-standard","has-post-thumbnail","hentry","category-campanas","category-20","description-off"],"_links":{"self":[{"href":"https:\/\/organizacion.corape.org.ec\/index.php\/wp-json\/wp\/v2\/posts\/1295","targetHints":{"allow":["GET"]}}],"collection":[{"href":"https:\/\/organizacion.corape.org.ec\/index.php\/wp-json\/wp\/v2\/posts"}],"about":[{"href":"https:\/\/organizacion.corape.org.ec\/index.php\/wp-json\/wp\/v2\/types\/post"}],"author":[{"embeddable":true,"href":"https:\/\/organizacion.corape.org.ec\/index.php\/wp-json\/wp\/v2\/users\/1"}],"replies":[{"embeddable":true,"href":"https:\/\/organizacion.corape.org.ec\/index.php\/wp-json\/wp\/v2\/comments?post=1295"}],"version-history":[{"count":1,"href":"https:\/\/organizacion.corape.org.ec\/index.php\/wp-json\/wp\/v2\/posts\/1295\/revisions"}],"predecessor-version":[{"id":1296,"href":"https:\/\/organizacion.corape.org.ec\/index.php\/wp-json\/wp\/v2\/posts\/1295\/revisions\/1296"}],"wp:featuredmedia":[{"embeddable":true,"href":"https:\/\/organizacion.corape.org.ec\/index.php\/wp-json\/wp\/v2\/media\/850"}],"wp:attachment":[{"href":"https:\/\/organizacion.corape.org.ec\/index.php\/wp-json\/wp\/v2\/media?parent=1295"}],"wp:term":[{"taxonomy":"category","embeddable":true,"href":"https:\/\/organizacion.corape.org.ec\/index.php\/wp-json\/wp\/v2\/categories?post=1295"},{"taxonomy":"post_tag","embeddable":true,"href":"https:\/\/organizacion.corape.org.ec\/index.php\/wp-json\/wp\/v2\/tags?post=1295"}],"curies":[{"name":"wp","href":"https:\/\/api.w.org\/{rel}","templated":true}]}}