{"id":1293,"date":"2022-03-04T20:32:32","date_gmt":"2022-03-04T20:32:32","guid":{"rendered":"https:\/\/organizacion.corape.org.ec\/?p=1293"},"modified":"2022-03-04T20:32:32","modified_gmt":"2022-03-04T20:32:32","slug":"oim-prevencion-de-trata-de-personas-trafico-ilicito-de-migrantes-y-violencia-de-genero-en-el-contexto-humanitario-de-la-migracion-venezolana","status":"publish","type":"post","link":"https:\/\/organizacion.corape.org.ec\/index.php\/2022\/03\/04\/oim-prevencion-de-trata-de-personas-trafico-ilicito-de-migrantes-y-violencia-de-genero-en-el-contexto-humanitario-de-la-migracion-venezolana\/","title":{"rendered":"OIM: PREVENCI\u00d3N DE TRATA DE PERSONAS, TR\u00c1FICO IL\u00cdCITO DE MIGRANTES Y VIOLENCIA DE G\u00c9NERO EN EL CONTEXTO HUMANITARIO DE LA MIGRACI\u00d3N VENEZOLANA"},"content":{"rendered":"<div class=\"wpb-content-wrapper\"><p>[vc_row][vc_column]<div class=\"ult-spacer spacer-69f4e2e891f92\" data-id=\"69f4e2e891f92\" data-height=\"110\" data-height-mobile=\"110\" data-height-tab=\"110\" data-height-tab-portrait=\"\" data-height-mobile-landscape=\"\" style=\"clear:both;display:block;\"><\/div>[\/vc_column][\/vc_row][vc_row full_width=\u00bbstretch_row\u00bb css=\u00bb.vc_custom_1646425809602{background-image: url(https:\/\/organizacion.corape.org.ec\/wp-content\/uploads\/2022\/02\/PREVENCIONTRATAOIM.png?id=872) !important;background-position: center !important;background-repeat: no-repeat !important;background-size: contain !important;}\u00bb][vc_column]<div class=\"ult-spacer spacer-69f4e2e891fd9\" data-id=\"69f4e2e891fd9\" data-height=\"300\" data-height-mobile=\"300\" data-height-tab=\"300\" data-height-tab-portrait=\"\" data-height-mobile-landscape=\"\" style=\"clear:both;display:block;\"><\/div>[\/vc_column][\/vc_row][vc_row][vc_column][vc_row_inner][vc_column_inner width=\u00bb1\/2&#8243;][vc_single_image image=\u00bb853&#8243; img_size=\u00bbfull\u00bb][\/vc_column_inner][vc_column_inner width=\u00bb1\/2&#8243;][vc_column_text]<\/p>\n<h3 style=\"text-align: justify;\">Prevenci\u00f3n de trata de personas, tr\u00e1fico il\u00edcito de migrantes y violencia de g\u00e9nero en el contexto humanitario de la migraci\u00f3n venezolana<\/h3>\n<p style=\"text-align: justify;\">La campa\u00f1a consiste en la prevenci\u00f3n de trata de personas, tr\u00e1fico il\u00edcito de migrantes y violencia de g\u00e9nero en el contexto humanitario de la migraci\u00f3n venezolana; por lo cual se llev\u00f3 a cabo\u00a0cu\u00f1as\u00a0informativas para la prevenci\u00f3n de los riesgos implicados en la trata de personas o en el tr\u00e1fico de migrantes y en la migraci\u00f3n irregular, apuntando a los migrantes en situaciones de vulnerabilidad. adem\u00e1s realizar y difundir estudios de mercados laborales que identifiquen las oportunidades para una participaci\u00f3n sostenible en los mercados laborales locales para los migrantes de Venezuela.<\/p>\n<p>[\/vc_column_text][\/vc_column_inner][\/vc_row_inner][\/vc_column][\/vc_row][vc_row][vc_column width=\u00bb1\/3&#8243;][\/vc_column][vc_column width=\u00bb1\/3&#8243;][vc_row_inner][vc_column_inner][vc_column_text]<\/p>\n<h3 style=\"text-align: center;\">Producciones:<\/h3>\n<p>[\/vc_column_text][vc_btn title=\u00bb\u00bb color=\u00bbwarning\u00bb align=\u00bbcenter\u00bb i_icon_fontawesome=\u00bbfas fa-music\u00bb add_icon=\u00bbtrue\u00bb link=\u00bburl:https%3A%2F%2Fwww.ivoox.com%2Fpodcast-campana-prevencion-trata-personas_sq_f1751293_1.html\u00bb][\/vc_column_inner][\/vc_row_inner][\/vc_column][vc_column width=\u00bb1\/3&#8243;][\/vc_column][\/vc_row]<\/p>\n<\/div>","protected":false},"excerpt":{"rendered":"<p>[vc_row][vc_column][\/vc_column][\/vc_row][vc_row full_width=\u00bbstretch_row\u00bb css=\u00bb.vc_custom_1646425809602{background-image: url(https:\/\/organizacion.corape.org.ec\/wp-content\/uploads\/2022\/02\/PREVENCIONTRATAOIM.png?id=872) !important;background-position: center !important;background-repeat: no-repeat !important;background-size: contain !important;}\u00bb][vc_column][\/vc_column][\/vc_row][vc_row][vc_column][vc_row_inner][vc_column_inner width=\u00bb1\/2&#8243;][vc_single_image image=\u00bb853&#8243; img_size=\u00bbfull\u00bb][\/vc_column_inner][vc_column_inner width=\u00bb1\/2&#8243;][vc_column_text] Prevenci\u00f3n de trata de personas, tr\u00e1fico il\u00edcito de migrantes y violencia de g\u00e9nero en el contexto humanitario de la migraci\u00f3n venezolana La campa\u00f1a consiste en la prevenci\u00f3n de trata de personas, tr\u00e1fico il\u00edcito de migrantes y violencia de g\u00e9nero en&hellip;<\/p>\n","protected":false},"author":1,"featured_media":853,"comment_status":"closed","ping_status":"closed","sticky":false,"template":"","format":"standard","meta":{"footnotes":""},"categories":[20],"tags":[],"class_list":["post-1293","post","type-post","status-publish","format-standard","has-post-thumbnail","hentry","category-campanas","category-20","description-off"],"_links":{"self":[{"href":"https:\/\/organizacion.corape.org.ec\/index.php\/wp-json\/wp\/v2\/posts\/1293","targetHints":{"allow":["GET"]}}],"collection":[{"href":"https:\/\/organizacion.corape.org.ec\/index.php\/wp-json\/wp\/v2\/posts"}],"about":[{"href":"https:\/\/organizacion.corape.org.ec\/index.php\/wp-json\/wp\/v2\/types\/post"}],"author":[{"embeddable":true,"href":"https:\/\/organizacion.corape.org.ec\/index.php\/wp-json\/wp\/v2\/users\/1"}],"replies":[{"embeddable":true,"href":"https:\/\/organizacion.corape.org.ec\/index.php\/wp-json\/wp\/v2\/comments?post=1293"}],"version-history":[{"count":1,"href":"https:\/\/organizacion.corape.org.ec\/index.php\/wp-json\/wp\/v2\/posts\/1293\/revisions"}],"predecessor-version":[{"id":1294,"href":"https:\/\/organizacion.corape.org.ec\/index.php\/wp-json\/wp\/v2\/posts\/1293\/revisions\/1294"}],"wp:featuredmedia":[{"embeddable":true,"href":"https:\/\/organizacion.corape.org.ec\/index.php\/wp-json\/wp\/v2\/media\/853"}],"wp:attachment":[{"href":"https:\/\/organizacion.corape.org.ec\/index.php\/wp-json\/wp\/v2\/media?parent=1293"}],"wp:term":[{"taxonomy":"category","embeddable":true,"href":"https:\/\/organizacion.corape.org.ec\/index.php\/wp-json\/wp\/v2\/categories?post=1293"},{"taxonomy":"post_tag","embeddable":true,"href":"https:\/\/organizacion.corape.org.ec\/index.php\/wp-json\/wp\/v2\/tags?post=1293"}],"curies":[{"name":"wp","href":"https:\/\/api.w.org\/{rel}","templated":true}]}}