{"id":1290,"date":"2022-03-04T20:26:02","date_gmt":"2022-03-04T20:26:02","guid":{"rendered":"https:\/\/organizacion.corape.org.ec\/?p=1290"},"modified":"2022-03-07T22:59:29","modified_gmt":"2022-03-07T22:59:29","slug":"mies-trato-hecho-al-buen-trato-todos-tenemos-derecho","status":"publish","type":"post","link":"https:\/\/organizacion.corape.org.ec\/index.php\/2022\/03\/04\/mies-trato-hecho-al-buen-trato-todos-tenemos-derecho\/","title":{"rendered":"MIES &#8211; TRATO HECHO, AL BUEN TRATO TODOS TENEMOS DERECHO"},"content":{"rendered":"<div class=\"wpb-content-wrapper\"><p>[vc_row][vc_column]<div class=\"ult-spacer spacer-69f4c94191717\" data-id=\"69f4c94191717\" data-height=\"110\" data-height-mobile=\"110\" data-height-tab=\"110\" data-height-tab-portrait=\"\" data-height-mobile-landscape=\"\" style=\"clear:both;display:block;\"><\/div>[\/vc_column][\/vc_row][vc_row full_width=\u00bbstretch_row\u00bb css=\u00bb.vc_custom_1646425424173{background-image: url(https:\/\/organizacion.corape.org.ec\/wp-content\/uploads\/2022\/02\/TRATOHECHO-1.png?id=876) !important;background-position: center !important;background-repeat: no-repeat !important;background-size: contain !important;}\u00bb][vc_column]<div class=\"ult-spacer spacer-69f4c94191744\" data-id=\"69f4c94191744\" data-height=\"300\" data-height-mobile=\"300\" data-height-tab=\"300\" data-height-tab-portrait=\"\" data-height-mobile-landscape=\"\" style=\"clear:both;display:block;\"><\/div>[\/vc_column][\/vc_row][vc_row][vc_column][vc_row_inner][vc_column_inner width=\u00bb1\/2&#8243;][vc_single_image image=\u00bb857&#8243; img_size=\u00bbfull\u00bb][\/vc_column_inner][vc_column_inner width=\u00bb1\/2&#8243;][vc_column_text]<\/p>\n<p style=\"text-align: justify;\">Campa\u00f1a que promovi\u00f3 el buen trato a la ni\u00f1ez y adolescencia, de manera especial, en la crianza de la infancia m\u00e1s temprana.\u00a0\u201cTrato hecho al buen trato, todos tenemos derecho\u201d, es la consigna que profundiza el criterio de que tanto el Estado, como la comunidad, las familias somos corresponsables de c\u00f3mo criamos, cuidamos, protegemos, y procuramos el desarrollo integral de nuestros ni\u00f1os y ni\u00f1as para que sean sanos, inteligentes, buenos, respetados y felices.<\/p>\n<p style=\"text-align: justify;\">Madres y padres de familia junto a sus hijos e hijas llegaron al popular Parque Miraflores en Cuenca desde las 8h30, este fue el escenario de una masiva concentraci\u00f3n llena de alegr\u00eda, colorido y participaci\u00f3n. La raz\u00f3n de esta iniciativa del Ministerio de Inclusi\u00f3n Econ\u00f3mica y Social (MIES), que concentr\u00f3 a aproximadamente tres mil personas este s\u00e1bado 6 de junio, fue hacer un pacto social que promueva el buen trato a la ni\u00f1ez y adolescencia, de manera especial, en la crianza de la infancia m\u00e1s temprana.<\/p>\n<p>[\/vc_column_text][\/vc_column_inner][\/vc_row_inner][vc_column_text]<\/p>\n<p style=\"text-align: justify;\">Para Julia Alvear, quien lleg\u00f3 a este evento con su peque\u00f1o Adri\u00e1n de cinco a\u00f1os de edad, se convirti\u00f3 en una oportunidad para conocer sobre el buen trato al interior del hogar y saludarlo a Dino, uno de los personajes de Veo Veo. \u201cMi hijo se emocion\u00f3 al saludarle a Dino, \u00e9l solo lo ha visto por televisi\u00f3n y le encanta, pero tambi\u00e9n de manera l\u00fadica y entretenida pudimos conocer un poco m\u00e1s sobre el buen trato que debe haber al interior del hogar. Con mi esposo nos sentimos muy animados ante esta iniciativa del MIES, con nuestras manos asumimos este compromiso por la ni\u00f1ez\u201d.<br \/>\nA las 10 de la ma\u00f1ana, los asistentes al igual que las autoridades y los embajadores por el buen trato, llenaron de colores con sus manos los espacios, donde a manera de firma, ratificaron su compromiso para erradicar la violencia en los hogares y fomentar el buen trato en las familias. Los embajadores por el buen trato: Esteban Enderica, campe\u00f3n mundial en nataci\u00f3n, junto al ex futbolista profesional, Patricio Urrutia, plasmaron su compromiso en los murales junto a las madres y padres de familia que asistieron a este evento.<br \/>\nEste pacto, seg\u00fan indic\u00f3 la coordinadora del MIES Zona 6, Juanita Bersosa, esta actividad forma parte de las jornadas iniciadas en 2014, \u201cPensando en Grande por los m\u00e1s Chiquitos\u201d en la que participaron cerca de 218 mil personas (madres, padres, educadoras, acad\u00e9micos). Pero tambi\u00e9n es parte de Escuela de Familias, proceso que se lleva a cabo en todo el pa\u00eds y en el que durante el presente a\u00f1o han participado cerca de 170 mil madres y padres de familia. \u201cDe esta manera el MIES est\u00e1 proponiendo ir hacia la cultura del buen trato\u201d, expres\u00f3.<br \/>\nLa ministra Betty Tola, junto a ni\u00f1os, ni\u00f1as, madres y padres de familia, agradeci\u00f3 la masiva presencia y afirm\u00f3 que lo m\u00e1s importante para el Gobierno Nacional son los m\u00e1s chiquitos. De ah\u00ed el empe\u00f1o, trabajo e inversi\u00f3n hecha en pol\u00edtica p\u00fablica a favor de la primera infancia. \u201cPara nosotros el trabajo con las familias es fundamental, necesitamos caminar de la mano para que nuestros guaguas puedan crecer sanos y felices\u201d.<br \/>\nComo prioridad del Gobierno de la Revoluci\u00f3n Ciudadana, el MIES ha incrementado su inversi\u00f3n en las pol\u00edticas p\u00fablicas de desarrollo infantil, en 2014 se ejecut\u00f3 un presupuesto de 204 millones, mientras que en el presente a\u00f1o 215 millones han sido invertidos.<br \/>\nLo importante, seg\u00fan la ministra, es poder erradicar la violencia en las familias, \u201cel efecto de esta violencia en los hogares, nosotros la evidenciamos. Las educadoras del MIES constatan este problema y los mayores afectados son nuestros ni\u00f1os y ni\u00f1as, porque nuestros guaguas tienen miedo y tienen dificultad de relacionarse con los dem\u00e1s. Por eso hemos hecho esta gran convocatoria para hacer un trato, porque nuestros guaguas tienen derecho a un buen trato, construyamos otra forma de relacionarnos con nuestros ni\u00f1os y ni\u00f1as\u201d, puntualiz\u00f3.<br \/>\nGabriela Catchupulla, educadora del servicio Creciendo con Nuestros Hijos de Challuabamba, explic\u00f3 que \u201clastimosamente los ecuatorianos a\u00fan usamos el castigo verbal o f\u00edsico como una forma de educaci\u00f3n con nuestros hijos e hijas, pero proceder de esta manera no ofrece oportunidades de aprendizaje o formaci\u00f3n a ni\u00f1os y ni\u00f1as. A\u00f1adi\u00f3 que pocas veces un gobierno se ha preocupado sobre un tema tan sensible que todav\u00eda est\u00e1 presente en las familias, es una oportunidad para marcar la diferencia.<br \/>\nPara Rosana Alvarado, vicepresidenta de la Asamblea Nacional, este pacto es una raz\u00f3n para celebrar, \u201ceste es un d\u00eda de fiesta para todos nuestros ni\u00f1os y ni\u00f1as; hoy es el d\u00eda de los abrazos, de la familia y del buen trato\u201d, se\u00f1al\u00f3.<br \/>\nAl final del evento todos los asistentes junto a las autoridades intercambiaron besos, abrazos y sonrisas, pero tambi\u00e9n intercambiaron manillas con el logo de este masivo pacto (elaboradas por artesanos de la econom\u00eda popular y solidaria de Calder\u00f3n), como una acci\u00f3n simb\u00f3lica que ratifica el buen trato que debe primar en los hogares ecuatorianos.<\/p>\n<p>[\/vc_column_text][\/vc_column][\/vc_row][vc_row][vc_column width=\u00bb1\/3&#8243;][\/vc_column][vc_column width=\u00bb1\/3&#8243;][vc_row_inner][vc_column_inner][vc_column_text]<\/p>\n<h3 style=\"text-align: center;\">Producciones:<\/h3>\n<p>[\/vc_column_text][vc_btn title=\u00bb\u00bb color=\u00bbwarning\u00bb align=\u00bbcenter\u00bb i_icon_fontawesome=\u00bbfas fa-music\u00bb add_icon=\u00bbtrue\u00bb link=\u00bburl:https%3A%2F%2Fwww.ivoox.com%2Fpodcast-mies-campana-trato-hecho-al-buen-trato_sq_f1751288_1.html\u00bb][\/vc_column_inner][\/vc_row_inner][\/vc_column][vc_column width=\u00bb1\/3&#8243;][\/vc_column][\/vc_row]<\/p>\n<\/div>","protected":false},"excerpt":{"rendered":"<p>[vc_row][vc_column][\/vc_column][\/vc_row][vc_row full_width=\u00bbstretch_row\u00bb css=\u00bb.vc_custom_1646425424173{background-image: url(https:\/\/organizacion.corape.org.ec\/wp-content\/uploads\/2022\/02\/TRATOHECHO-1.png?id=876) !important;background-position: center !important;background-repeat: no-repeat !important;background-size: contain !important;}\u00bb][vc_column][\/vc_column][\/vc_row][vc_row][vc_column][vc_row_inner][vc_column_inner width=\u00bb1\/2&#8243;][vc_single_image image=\u00bb857&#8243; img_size=\u00bbfull\u00bb][\/vc_column_inner][vc_column_inner width=\u00bb1\/2&#8243;][vc_column_text] Campa\u00f1a que promovi\u00f3 el buen trato a la ni\u00f1ez y adolescencia, de manera especial, en la crianza de la infancia m\u00e1s temprana.\u00a0\u201cTrato hecho al buen trato, todos tenemos derecho\u201d, es la consigna que profundiza el criterio de que tanto el&hellip;<\/p>\n","protected":false},"author":1,"featured_media":857,"comment_status":"closed","ping_status":"closed","sticky":false,"template":"","format":"standard","meta":{"footnotes":""},"categories":[20],"tags":[],"class_list":["post-1290","post","type-post","status-publish","format-standard","has-post-thumbnail","hentry","category-campanas","category-20","description-off"],"_links":{"self":[{"href":"https:\/\/organizacion.corape.org.ec\/index.php\/wp-json\/wp\/v2\/posts\/1290","targetHints":{"allow":["GET"]}}],"collection":[{"href":"https:\/\/organizacion.corape.org.ec\/index.php\/wp-json\/wp\/v2\/posts"}],"about":[{"href":"https:\/\/organizacion.corape.org.ec\/index.php\/wp-json\/wp\/v2\/types\/post"}],"author":[{"embeddable":true,"href":"https:\/\/organizacion.corape.org.ec\/index.php\/wp-json\/wp\/v2\/users\/1"}],"replies":[{"embeddable":true,"href":"https:\/\/organizacion.corape.org.ec\/index.php\/wp-json\/wp\/v2\/comments?post=1290"}],"version-history":[{"count":3,"href":"https:\/\/organizacion.corape.org.ec\/index.php\/wp-json\/wp\/v2\/posts\/1290\/revisions"}],"predecessor-version":[{"id":1400,"href":"https:\/\/organizacion.corape.org.ec\/index.php\/wp-json\/wp\/v2\/posts\/1290\/revisions\/1400"}],"wp:featuredmedia":[{"embeddable":true,"href":"https:\/\/organizacion.corape.org.ec\/index.php\/wp-json\/wp\/v2\/media\/857"}],"wp:attachment":[{"href":"https:\/\/organizacion.corape.org.ec\/index.php\/wp-json\/wp\/v2\/media?parent=1290"}],"wp:term":[{"taxonomy":"category","embeddable":true,"href":"https:\/\/organizacion.corape.org.ec\/index.php\/wp-json\/wp\/v2\/categories?post=1290"},{"taxonomy":"post_tag","embeddable":true,"href":"https:\/\/organizacion.corape.org.ec\/index.php\/wp-json\/wp\/v2\/tags?post=1290"}],"curies":[{"name":"wp","href":"https:\/\/api.w.org\/{rel}","templated":true}]}}