{"id":1288,"date":"2022-03-04T20:20:52","date_gmt":"2022-03-04T20:20:52","guid":{"rendered":"https:\/\/organizacion.corape.org.ec\/?p=1288"},"modified":"2022-03-04T20:20:52","modified_gmt":"2022-03-04T20:20:52","slug":"servicio-jesuita-a-refugiados-en-ecuador-jrs","status":"publish","type":"post","link":"https:\/\/organizacion.corape.org.ec\/index.php\/2022\/03\/04\/servicio-jesuita-a-refugiados-en-ecuador-jrs\/","title":{"rendered":"SERVICIO JESUITA A REFUGIADOS EN ECUADOR JRS"},"content":{"rendered":"<div class=\"wpb-content-wrapper\"><p>[vc_row][vc_column]<div class=\"ult-spacer spacer-69f4c94a736cb\" data-id=\"69f4c94a736cb\" data-height=\"110\" data-height-mobile=\"110\" data-height-tab=\"110\" data-height-tab-portrait=\"\" data-height-mobile-landscape=\"\" style=\"clear:both;display:block;\"><\/div>[\/vc_column][\/vc_row][vc_row full_width=\u00bbstretch_row\u00bb css=\u00bb.vc_custom_1646425091060{background-image: url(https:\/\/organizacion.corape.org.ec\/wp-content\/uploads\/2022\/02\/TUVOZENLAFRONTERA-1.png?id=877) !important;background-position: center !important;background-repeat: no-repeat !important;background-size: contain !important;}\u00bb][vc_column]<div class=\"ult-spacer spacer-69f4c94a73700\" data-id=\"69f4c94a73700\" data-height=\"300\" data-height-mobile=\"300\" data-height-tab=\"300\" data-height-tab-portrait=\"\" data-height-mobile-landscape=\"\" style=\"clear:both;display:block;\"><\/div>[\/vc_column][\/vc_row][vc_row][vc_column][vc_row_inner][vc_column_inner width=\u00bb1\/2&#8243;][vc_single_image image=\u00bb858&#8243; img_size=\u00bbfull\u00bb][\/vc_column_inner][vc_column_inner width=\u00bb1\/2&#8243;][vc_column_text]<\/p>\n<h3 style=\"text-align: justify;\">Tu voz en la Frontera<\/h3>\n<p style=\"text-align: justify;\">Esta iniciativa busca garantizar el acceso a informaci\u00f3n sobre el Proceso de Paz en Colombia y las posibles implicaciones para la poblaci\u00f3n refugiada colombiana en el Ecuador a corto y mediano plazo. Para eso refuerza las formas de comunicaci\u00f3n existentes entre las personas refugiadas colombianas en Ecuador con sus comunidades de origen.<\/p>\n<p style=\"text-align: justify;\">El programa enfatiza sobre las experiencia concretas de v\u00edctimas en Colombia con la Ley de V\u00edctimas y restituci\u00f3n de tierras y los debates de las distintas Mesas de Victimas existentes en Colombia y la inclusion de las v\u00edctimas en el exterior en \u00e9stas. As\u00ed mismo se aprovechan las redes sociales para difundir informaci\u00f3n sobre el Proceso de Paz y ofrecer una plataforma de intercambio en temas de relevancia para los refugiados en este proceso.<\/p>\n<p style=\"text-align: justify;\">Adem\u00e1s se han producido cu\u00f1as para reforzar el tema de migraci\u00f3n, con el fin de poder generar sensibilizaci\u00f3n en el tema de movilidad humana.<\/p>\n<p>[\/vc_column_text][\/vc_column_inner][\/vc_row_inner][\/vc_column][\/vc_row][vc_row][vc_column width=\u00bb1\/3&#8243;][\/vc_column][vc_column width=\u00bb1\/3&#8243;][vc_row_inner][vc_column_inner][vc_column_text]<\/p>\n<h3 style=\"text-align: center;\">Producciones:<\/h3>\n<p>[\/vc_column_text][vc_btn title=\u00bb\u00bb color=\u00bbwarning\u00bb align=\u00bbcenter\u00bb i_icon_fontawesome=\u00bbfas fa-music\u00bb add_icon=\u00bbtrue\u00bb link=\u00bburl:https%3A%2F%2Fwww.ivoox.com%2Fpodcast-servicio-jesuita-a-refugiados_sq_f1751282_1.html\u00bb][\/vc_column_inner][\/vc_row_inner][\/vc_column][vc_column width=\u00bb1\/3&#8243;][\/vc_column][\/vc_row]<\/p>\n<\/div>","protected":false},"excerpt":{"rendered":"<p>[vc_row][vc_column][\/vc_column][\/vc_row][vc_row full_width=\u00bbstretch_row\u00bb css=\u00bb.vc_custom_1646425091060{background-image: url(https:\/\/organizacion.corape.org.ec\/wp-content\/uploads\/2022\/02\/TUVOZENLAFRONTERA-1.png?id=877) !important;background-position: center !important;background-repeat: no-repeat !important;background-size: contain !important;}\u00bb][vc_column][\/vc_column][\/vc_row][vc_row][vc_column][vc_row_inner][vc_column_inner width=\u00bb1\/2&#8243;][vc_single_image image=\u00bb858&#8243; img_size=\u00bbfull\u00bb][\/vc_column_inner][vc_column_inner width=\u00bb1\/2&#8243;][vc_column_text] Tu voz en la Frontera Esta iniciativa busca garantizar el acceso a informaci\u00f3n sobre el Proceso de Paz en Colombia y las posibles implicaciones para la poblaci\u00f3n refugiada colombiana en el Ecuador a corto y mediano plazo. Para eso refuerza&hellip;<\/p>\n","protected":false},"author":1,"featured_media":858,"comment_status":"closed","ping_status":"closed","sticky":false,"template":"","format":"standard","meta":{"footnotes":""},"categories":[20],"tags":[],"class_list":["post-1288","post","type-post","status-publish","format-standard","has-post-thumbnail","hentry","category-campanas","category-20","description-off"],"_links":{"self":[{"href":"https:\/\/organizacion.corape.org.ec\/index.php\/wp-json\/wp\/v2\/posts\/1288","targetHints":{"allow":["GET"]}}],"collection":[{"href":"https:\/\/organizacion.corape.org.ec\/index.php\/wp-json\/wp\/v2\/posts"}],"about":[{"href":"https:\/\/organizacion.corape.org.ec\/index.php\/wp-json\/wp\/v2\/types\/post"}],"author":[{"embeddable":true,"href":"https:\/\/organizacion.corape.org.ec\/index.php\/wp-json\/wp\/v2\/users\/1"}],"replies":[{"embeddable":true,"href":"https:\/\/organizacion.corape.org.ec\/index.php\/wp-json\/wp\/v2\/comments?post=1288"}],"version-history":[{"count":1,"href":"https:\/\/organizacion.corape.org.ec\/index.php\/wp-json\/wp\/v2\/posts\/1288\/revisions"}],"predecessor-version":[{"id":1289,"href":"https:\/\/organizacion.corape.org.ec\/index.php\/wp-json\/wp\/v2\/posts\/1288\/revisions\/1289"}],"wp:featuredmedia":[{"embeddable":true,"href":"https:\/\/organizacion.corape.org.ec\/index.php\/wp-json\/wp\/v2\/media\/858"}],"wp:attachment":[{"href":"https:\/\/organizacion.corape.org.ec\/index.php\/wp-json\/wp\/v2\/media?parent=1288"}],"wp:term":[{"taxonomy":"category","embeddable":true,"href":"https:\/\/organizacion.corape.org.ec\/index.php\/wp-json\/wp\/v2\/categories?post=1288"},{"taxonomy":"post_tag","embeddable":true,"href":"https:\/\/organizacion.corape.org.ec\/index.php\/wp-json\/wp\/v2\/tags?post=1288"}],"curies":[{"name":"wp","href":"https:\/\/api.w.org\/{rel}","templated":true}]}}