{"id":1283,"date":"2022-03-04T20:12:32","date_gmt":"2022-03-04T20:12:32","guid":{"rendered":"https:\/\/organizacion.corape.org.ec\/?p=1283"},"modified":"2022-03-04T21:17:41","modified_gmt":"2022-03-04T21:17:41","slug":"ceplaes-programa-de-derechos-bosques-y-cambio-climatico","status":"publish","type":"post","link":"https:\/\/organizacion.corape.org.ec\/index.php\/2022\/03\/04\/ceplaes-programa-de-derechos-bosques-y-cambio-climatico\/","title":{"rendered":"CEPLAES &#8211; PROGRAMA DE DERECHOS, BOSQUES Y CAMBIO CLIM\u00c1TICO"},"content":{"rendered":"<div class=\"wpb-content-wrapper\"><p>[vc_row][vc_column]<div class=\"ult-spacer spacer-69f4c8ac7a469\" data-id=\"69f4c8ac7a469\" data-height=\"110\" data-height-mobile=\"110\" data-height-tab=\"110\" data-height-tab-portrait=\"\" data-height-mobile-landscape=\"\" style=\"clear:both;display:block;\"><\/div>[\/vc_column][\/vc_row][vc_row full_width=\u00bbstretch_row\u00bb css=\u00bb.vc_custom_1646428619612{background-image: url(https:\/\/organizacion.corape.org.ec\/wp-content\/uploads\/2022\/02\/CENPLAES.png?id=861) !important;background-position: center !important;background-repeat: no-repeat !important;background-size: contain !important;}\u00bb][vc_column]<div class=\"ult-spacer spacer-69f4c8ac7a4a8\" data-id=\"69f4c8ac7a4a8\" data-height=\"300\" data-height-mobile=\"300\" data-height-tab=\"300\" data-height-tab-portrait=\"\" data-height-mobile-landscape=\"\" style=\"clear:both;display:block;\"><\/div>[\/vc_column][\/vc_row][vc_row][vc_column][vc_row_inner][vc_column_inner width=\u00bb1\/2&#8243;][vc_single_image image=\u00bb842&#8243; img_size=\u00bbfull\u00bb][\/vc_column_inner][vc_column_inner width=\u00bb1\/2&#8243;][vc_column_text]<\/p>\n<p style=\"text-align: justify;\">Fortalecimiento de las Capacidades de Radio comunidades Populares y de Pueblos y nacionalidades Ind\u00edgenas del Ecuador en temas de derechos, bosques y Cambio Clim\u00e1tico.\u00a0Esta publicaci\u00f3n engloba el fen\u00f3meno del cambio clim\u00e1tico y como este afecta a las comunidades que viven en los bosques tropicales del Ecuador, especialmente a los afroecuatorianos, y los pueblos ind\u00edgenas: chachi, aw\u00e1, y \u00e9pera siapidara en la Costa. Se plantea la necesidad de que las poblaciones afectadas est\u00e9n informadas sobre el fen\u00f3meno para que as\u00ed puedan tomar decisiones dentro de un marco de conocimiento y reflexi\u00f3n.<\/p>\n<p>Marta Escobar Konanz. (2013) Cambio Clim\u00e1tico, Derechos de los Pueblos y Bosques.\u00a0 Barrag\u00e1n, L. (Ed) Quito, Ecuador: CEPLAES-RFN\/CEDEAL<\/p>\n<p>[\/vc_column_text][\/vc_column_inner][\/vc_row_inner][\/vc_column][\/vc_row][vc_row][vc_column width=\u00bb1\/3&#8243;][\/vc_column][vc_column width=\u00bb1\/3&#8243;][vc_row_inner][vc_column_inner][vc_column_text]<\/p>\n<h3 style=\"text-align: center;\"><strong>Documento:<\/strong><\/h3>\n<p>[\/vc_column_text][vc_btn title=\u00bb\u00bb color=\u00bbdefault\u00bb align=\u00bbcenter\u00bb i_icon_fontawesome=\u00bbfas fa-file\u00bb add_icon=\u00bbtrue\u00bb link=\u00bburl:https%3A%2F%2Fdocs.wixstatic.com%2Fugd%2Fc5bdff_2b4feee65405440f9b4e482d736fb60d.pdf\u00bb][\/vc_column_inner][\/vc_row_inner][\/vc_column][vc_column width=\u00bb1\/3&#8243;][\/vc_column][\/vc_row]<\/p>\n<\/div>","protected":false},"excerpt":{"rendered":"<p>[vc_row][vc_column][\/vc_column][\/vc_row][vc_row full_width=\u00bbstretch_row\u00bb css=\u00bb.vc_custom_1646428619612{background-image: url(https:\/\/organizacion.corape.org.ec\/wp-content\/uploads\/2022\/02\/CENPLAES.png?id=861) !important;background-position: center !important;background-repeat: no-repeat !important;background-size: contain !important;}\u00bb][vc_column][\/vc_column][\/vc_row][vc_row][vc_column][vc_row_inner][vc_column_inner width=\u00bb1\/2&#8243;][vc_single_image image=\u00bb842&#8243; img_size=\u00bbfull\u00bb][\/vc_column_inner][vc_column_inner width=\u00bb1\/2&#8243;][vc_column_text] Fortalecimiento de las Capacidades de Radio comunidades Populares y de Pueblos y nacionalidades Ind\u00edgenas del Ecuador en temas de derechos, bosques y Cambio Clim\u00e1tico.\u00a0Esta publicaci\u00f3n engloba el fen\u00f3meno del cambio clim\u00e1tico y como este afecta a las comunidades que viven&hellip;<\/p>\n","protected":false},"author":1,"featured_media":842,"comment_status":"closed","ping_status":"closed","sticky":false,"template":"","format":"standard","meta":{"footnotes":""},"categories":[20],"tags":[],"class_list":["post-1283","post","type-post","status-publish","format-standard","has-post-thumbnail","hentry","category-campanas","category-20","description-off"],"_links":{"self":[{"href":"https:\/\/organizacion.corape.org.ec\/index.php\/wp-json\/wp\/v2\/posts\/1283","targetHints":{"allow":["GET"]}}],"collection":[{"href":"https:\/\/organizacion.corape.org.ec\/index.php\/wp-json\/wp\/v2\/posts"}],"about":[{"href":"https:\/\/organizacion.corape.org.ec\/index.php\/wp-json\/wp\/v2\/types\/post"}],"author":[{"embeddable":true,"href":"https:\/\/organizacion.corape.org.ec\/index.php\/wp-json\/wp\/v2\/users\/1"}],"replies":[{"embeddable":true,"href":"https:\/\/organizacion.corape.org.ec\/index.php\/wp-json\/wp\/v2\/comments?post=1283"}],"version-history":[{"count":5,"href":"https:\/\/organizacion.corape.org.ec\/index.php\/wp-json\/wp\/v2\/posts\/1283\/revisions"}],"predecessor-version":[{"id":1309,"href":"https:\/\/organizacion.corape.org.ec\/index.php\/wp-json\/wp\/v2\/posts\/1283\/revisions\/1309"}],"wp:featuredmedia":[{"embeddable":true,"href":"https:\/\/organizacion.corape.org.ec\/index.php\/wp-json\/wp\/v2\/media\/842"}],"wp:attachment":[{"href":"https:\/\/organizacion.corape.org.ec\/index.php\/wp-json\/wp\/v2\/media?parent=1283"}],"wp:term":[{"taxonomy":"category","embeddable":true,"href":"https:\/\/organizacion.corape.org.ec\/index.php\/wp-json\/wp\/v2\/categories?post=1283"},{"taxonomy":"post_tag","embeddable":true,"href":"https:\/\/organizacion.corape.org.ec\/index.php\/wp-json\/wp\/v2\/tags?post=1283"}],"curies":[{"name":"wp","href":"https:\/\/api.w.org\/{rel}","templated":true}]}}