{"id":1280,"date":"2022-03-04T20:08:12","date_gmt":"2022-03-04T20:08:12","guid":{"rendered":"https:\/\/organizacion.corape.org.ec\/?p=1280"},"modified":"2022-03-04T20:10:16","modified_gmt":"2022-03-04T20:10:16","slug":"ministerio-del-ambiente-alto-el-trafico-ilegal-de-animales-silvestres-es-un-delito","status":"publish","type":"post","link":"https:\/\/organizacion.corape.org.ec\/index.php\/2022\/03\/04\/ministerio-del-ambiente-alto-el-trafico-ilegal-de-animales-silvestres-es-un-delito\/","title":{"rendered":"MINISTERIO DEL AMBIENTE: \u201cALTO, EL TR\u00c1FICO ILEGAL DE ANIMALES SILVESTRES ES UN DELITO\u201d"},"content":{"rendered":"<div class=\"wpb-content-wrapper\"><p>[vc_row][vc_column]<div class=\"ult-spacer spacer-69f4c8cc0b3f2\" data-id=\"69f4c8cc0b3f2\" data-height=\"110\" data-height-mobile=\"110\" data-height-tab=\"110\" data-height-tab-portrait=\"\" data-height-mobile-landscape=\"\" style=\"clear:both;display:block;\"><\/div>[\/vc_column][\/vc_row][vc_row full_width=\u00bbstretch_row\u00bb css=\u00bb.vc_custom_1646424405102{background-image: url(https:\/\/organizacion.corape.org.ec\/wp-content\/uploads\/2022\/02\/ALTOALTRAFICO-1.png?id=859) !important;background-position: center !important;background-repeat: no-repeat !important;background-size: contain !important;}\u00bb][vc_column]<div class=\"ult-spacer spacer-69f4c8cc0b427\" data-id=\"69f4c8cc0b427\" data-height=\"300\" data-height-mobile=\"300\" data-height-tab=\"300\" data-height-tab-portrait=\"\" data-height-mobile-landscape=\"\" style=\"clear:both;display:block;\"><\/div>[\/vc_column][\/vc_row][vc_row][vc_column][vc_row_inner][vc_column_inner width=\u00bb1\/2&#8243;][vc_single_image image=\u00bb840&#8243; img_size=\u00bbfull\u00bb][\/vc_column_inner][vc_column_inner width=\u00bb1\/2&#8243;][vc_column_text]<\/p>\n<h3 style=\"text-align: justify;\"><strong>Campa\u00f1a ALTO, el tr\u00e1fico ilegal de animales silvestres es un delito<\/strong><\/h3>\n<p style=\"text-align: justify;\">La campa\u00f1a\u00a0<em>\u201cAlto, el tr\u00e1fico ilegal de animales silvestres es un delito\u201d<\/em>\u00a0tuvo\u00a0como objetivo comunicar y sensibilizar a las personas sobre la protecci\u00f3n de la vida silvestre en el Ecuador. Adem\u00e1s informar sobre las medidas legales que implican el tr\u00e1fico ilegal de animales silvestres. CORAPE apoy\u00f3 con la difusi\u00f3n de cu\u00f1as en radio.<\/p>\n<p style=\"text-align: justify;\">Este 30 de octubre se realiz\u00f3 la presentaci\u00f3n de la campa\u00f1a \u201cAlto, el tr\u00e1fico ilegal de animales silvestres es un delito\u201den Portoviejo, evento organizado por la Direcci\u00f3n Provincial del Ambiente de Manab\u00ed.<\/p>\n<p style=\"text-align: justify;\">Las actividades iniciaron desde muy temprano en la capital manabita, donde j\u00f3venes y adultos paralizaron el tr\u00e1nsito para sensibilizar a la ciudadan\u00eda sobre los impactos y la problem\u00e1tica ambiental que implica traficar especies de vida silvestre.<\/p>\n<p>[\/vc_column_text][\/vc_column_inner][\/vc_row_inner][vc_column_text]<\/p>\n<p style=\"text-align: justify;\">Vicente Zavala, coordinador Zonal 4 del Ministerio del Ambiente, hizo un llamado a toda la poblaci\u00f3n para que se involucren en la conservaci\u00f3n de nuestra fauna silvestre. Adem\u00e1s, invit\u00f3 a los medios de comunicaci\u00f3n a formar parte de esta iniciativa, con la finalidad de crear conciencia y poder combatir este delito ambiental, el mismo que se encuentra tipificado en el C\u00f3digo Org\u00e1nico Integral Penal (COIP). Geovanny Ponce Parra, Jefe de la Subzona Manab\u00ed 13 de la Polic\u00eda Nacional, manifest\u00f3 que se viene cumpliendo acciones de control con la Unidad de Medio Ambiente. \u201cNos sumamos a la campa\u00f1a para que no se permita continuar con este delito que afecta a nuestros espacios naturales y a su conservaci\u00f3n\u201d.<\/p>\n<blockquote><p><em>Durante el 2017 se han movilizado aproximadamente 40 especies de vida silvestre a Centros de Manejo de la Amazon\u00eda y Costa para mantenerlos en proceso de rehabilitaci\u00f3n<\/em><\/p><\/blockquote>\n<p style=\"text-align: justify;\">Este a\u00f1o, la campa\u00f1a ser\u00e1 reforzada con actividades de difusi\u00f3n como: charlas de educaci\u00f3n ambiental, campa\u00f1as puerta a puerta y controles m\u00f3viles en las carreteras en coordinaci\u00f3n con la UPMA. As\u00ed mismo, se ha dise\u00f1ado materiales de entrega y difusi\u00f3n para puestos de control, cooperativas de transporte, terminales terrestres y aeropuertos.<\/p>\n<p style=\"text-align: justify;\">Fuente:\u00a0<a href=\"http:\/\/www.ambiente.gob.ec\/\">http:\/\/www.ambiente.gob.ec<\/a><\/p>\n<p>[\/vc_column_text][\/vc_column][\/vc_row][vc_row][vc_column width=\u00bb1\/3&#8243;][\/vc_column][vc_column width=\u00bb1\/3&#8243;][vc_row_inner][vc_column_inner][vc_column_text]<\/p>\n<h3 style=\"text-align: center;\"><strong>Producciones:<\/strong><\/h3>\n<p>[\/vc_column_text][vc_btn title=\u00bb\u00bb color=\u00bbwarning\u00bb align=\u00bbcenter\u00bb i_icon_fontawesome=\u00bbfas fa-music\u00bb add_icon=\u00bbtrue\u00bb link=\u00bburl:https%3A%2F%2Fwww.ivoox.com%2Fpodcast-alto-trafico-ilegal-animales-es-un_sq_f1751278_1.html\u00bb][\/vc_column_inner][\/vc_row_inner][\/vc_column][vc_column width=\u00bb1\/3&#8243;][\/vc_column][\/vc_row]<\/p>\n<\/div>","protected":false},"excerpt":{"rendered":"<p>[vc_row][vc_column][\/vc_column][\/vc_row][vc_row full_width=\u00bbstretch_row\u00bb css=\u00bb.vc_custom_1646424405102{background-image: url(https:\/\/organizacion.corape.org.ec\/wp-content\/uploads\/2022\/02\/ALTOALTRAFICO-1.png?id=859) !important;background-position: center !important;background-repeat: no-repeat !important;background-size: contain !important;}\u00bb][vc_column][\/vc_column][\/vc_row][vc_row][vc_column][vc_row_inner][vc_column_inner width=\u00bb1\/2&#8243;][vc_single_image image=\u00bb840&#8243; img_size=\u00bbfull\u00bb][\/vc_column_inner][vc_column_inner width=\u00bb1\/2&#8243;][vc_column_text] Campa\u00f1a ALTO, el tr\u00e1fico ilegal de animales silvestres es un delito La campa\u00f1a\u00a0\u201cAlto, el tr\u00e1fico ilegal de animales silvestres es un delito\u201d\u00a0tuvo\u00a0como objetivo comunicar y sensibilizar a las personas sobre la protecci\u00f3n de la vida silvestre en el Ecuador. Adem\u00e1s&hellip;<\/p>\n","protected":false},"author":1,"featured_media":840,"comment_status":"closed","ping_status":"closed","sticky":false,"template":"","format":"standard","meta":{"footnotes":""},"categories":[20],"tags":[],"class_list":["post-1280","post","type-post","status-publish","format-standard","has-post-thumbnail","hentry","category-campanas","category-20","description-off"],"_links":{"self":[{"href":"https:\/\/organizacion.corape.org.ec\/index.php\/wp-json\/wp\/v2\/posts\/1280","targetHints":{"allow":["GET"]}}],"collection":[{"href":"https:\/\/organizacion.corape.org.ec\/index.php\/wp-json\/wp\/v2\/posts"}],"about":[{"href":"https:\/\/organizacion.corape.org.ec\/index.php\/wp-json\/wp\/v2\/types\/post"}],"author":[{"embeddable":true,"href":"https:\/\/organizacion.corape.org.ec\/index.php\/wp-json\/wp\/v2\/users\/1"}],"replies":[{"embeddable":true,"href":"https:\/\/organizacion.corape.org.ec\/index.php\/wp-json\/wp\/v2\/comments?post=1280"}],"version-history":[{"count":2,"href":"https:\/\/organizacion.corape.org.ec\/index.php\/wp-json\/wp\/v2\/posts\/1280\/revisions"}],"predecessor-version":[{"id":1282,"href":"https:\/\/organizacion.corape.org.ec\/index.php\/wp-json\/wp\/v2\/posts\/1280\/revisions\/1282"}],"wp:featuredmedia":[{"embeddable":true,"href":"https:\/\/organizacion.corape.org.ec\/index.php\/wp-json\/wp\/v2\/media\/840"}],"wp:attachment":[{"href":"https:\/\/organizacion.corape.org.ec\/index.php\/wp-json\/wp\/v2\/media?parent=1280"}],"wp:term":[{"taxonomy":"category","embeddable":true,"href":"https:\/\/organizacion.corape.org.ec\/index.php\/wp-json\/wp\/v2\/categories?post=1280"},{"taxonomy":"post_tag","embeddable":true,"href":"https:\/\/organizacion.corape.org.ec\/index.php\/wp-json\/wp\/v2\/tags?post=1280"}],"curies":[{"name":"wp","href":"https:\/\/api.w.org\/{rel}","templated":true}]}}