{"id":1277,"date":"2022-03-04T17:12:58","date_gmt":"2022-03-04T17:12:58","guid":{"rendered":"https:\/\/organizacion.corape.org.ec\/?p=1277"},"modified":"2022-03-04T17:13:49","modified_gmt":"2022-03-04T17:13:49","slug":"campana-de-prevencion-de-incendios-mae","status":"publish","type":"post","link":"https:\/\/organizacion.corape.org.ec\/index.php\/2022\/03\/04\/campana-de-prevencion-de-incendios-mae\/","title":{"rendered":"CAMPA\u00d1A DE PREVENCI\u00d3N DE INCENDIOS MAE"},"content":{"rendered":"<div class=\"wpb-content-wrapper\"><p>[vc_row][vc_column]<div class=\"ult-spacer spacer-69f4c8db366fe\" data-id=\"69f4c8db366fe\" data-height=\"110\" data-height-mobile=\"110\" data-height-tab=\"110\" data-height-tab-portrait=\"\" data-height-mobile-landscape=\"\" style=\"clear:both;display:block;\"><\/div>[\/vc_column][\/vc_row][vc_row full_width=\u00bbstretch_row\u00bb css=\u00bb.vc_custom_1646414027219{background-image: url(https:\/\/organizacion.corape.org.ec\/wp-content\/uploads\/2022\/02\/PREVENCIONINCENDIOSMAE.png?id=871) !important;background-position: center !important;background-repeat: no-repeat !important;background-size: contain !important;}\u00bb][vc_column]<div class=\"ult-spacer spacer-69f4c8db3673b\" data-id=\"69f4c8db3673b\" data-height=\"300\" data-height-mobile=\"300\" data-height-tab=\"300\" data-height-tab-portrait=\"\" data-height-mobile-landscape=\"\" style=\"clear:both;display:block;\"><\/div>[\/vc_column][\/vc_row][vc_row][vc_column][vc_row_inner][vc_column_inner width=\u00bb1\/2&#8243;][vc_single_image image=\u00bb849&#8243; img_size=\u00bbfull\u00bb][\/vc_column_inner][vc_column_inner width=\u00bb1\/2&#8243;][vc_column_text]<\/p>\n<h3 style=\"text-align: justify;\">Campa\u00f1a de prevenci\u00f3n de incendios MAE<\/h3>\n<p style=\"text-align: justify;\">A nivel nacional nuestros bosques y ecosistemas fr\u00e1giles como los p\u00e1ramos, tambi\u00e9n han sido altamente afectados. Del 2012 al 2016, esta Cartera de Estado report\u00f3 aproximadamente 57 mil hect\u00e1reas de bosques y p\u00e1ramos destruidos por incendios forestales. Entre las diversas acciones y gestiones para la prevenci\u00f3n y control de incendios forestales a nivel nacional, este Ministerio implementa del Programa de Reducci\u00f3n de Incendios Forestales y Alternativas al Uso del Fuego \u201cAmazon\u00eda sin Fuego\u201d en la Sierra y Costa del Ecuador, que busca reducir estos flagelos forestales, mediante de pr\u00e1cticas alternativas al uso del fuego, como por ejemplo en el sector agr\u00edcola, contribuyendo a proteger el ambiente y mejorar las condiciones de vida de las comunidades. Finalmente, el Ministro Granizo anunci\u00f3 que desde el mes de agosto se realizar\u00e1 capacitaciones con bomberos brasile\u00f1os, las cuales estar\u00e1n dirigidas a instituciones vinculadas a la seguridad, control, monitoreo de incendios forestales comunidades y guardaparques a nivel nacional.<\/p>\n<p style=\"text-align: justify;\">Fuente: Ministerio del Ambiente<\/p>\n<p>[\/vc_column_text][\/vc_column_inner][\/vc_row_inner][\/vc_column][\/vc_row][vc_row][vc_column width=\u00bb1\/3&#8243;][\/vc_column][vc_column width=\u00bb1\/3&#8243;][vc_row_inner][vc_column_inner][vc_column_text]<\/p>\n<h3 style=\"text-align: center;\"><strong>Producciones:<\/strong><\/h3>\n<p>[\/vc_column_text][vc_btn title=\u00bb\u00bb color=\u00bbwarning\u00bb align=\u00bbcenter\u00bb i_icon_fontawesome=\u00bbfas fa-music\u00bb add_icon=\u00bbtrue\u00bb link=\u00bburl:https%3A%2F%2Fwww.ivoox.com%2Fpodcast-amazonia-sin-fuego_sq_f1751730_1.html\u00bb][\/vc_column_inner][\/vc_row_inner][\/vc_column][vc_column width=\u00bb1\/3&#8243;][\/vc_column][\/vc_row]<\/p>\n<\/div>","protected":false},"excerpt":{"rendered":"<p>[vc_row][vc_column][\/vc_column][\/vc_row][vc_row full_width=\u00bbstretch_row\u00bb css=\u00bb.vc_custom_1646414027219{background-image: url(https:\/\/organizacion.corape.org.ec\/wp-content\/uploads\/2022\/02\/PREVENCIONINCENDIOSMAE.png?id=871) !important;background-position: center !important;background-repeat: no-repeat !important;background-size: contain !important;}\u00bb][vc_column][\/vc_column][\/vc_row][vc_row][vc_column][vc_row_inner][vc_column_inner width=\u00bb1\/2&#8243;][vc_single_image image=\u00bb849&#8243; img_size=\u00bbfull\u00bb][\/vc_column_inner][vc_column_inner width=\u00bb1\/2&#8243;][vc_column_text] Campa\u00f1a de prevenci\u00f3n de incendios MAE A nivel nacional nuestros bosques y ecosistemas fr\u00e1giles como los p\u00e1ramos, tambi\u00e9n han sido altamente afectados. Del 2012 al 2016, esta Cartera de Estado report\u00f3 aproximadamente 57 mil hect\u00e1reas de bosques y p\u00e1ramos destruidos&hellip;<\/p>\n","protected":false},"author":1,"featured_media":849,"comment_status":"closed","ping_status":"closed","sticky":false,"template":"","format":"standard","meta":{"footnotes":""},"categories":[20],"tags":[],"class_list":["post-1277","post","type-post","status-publish","format-standard","has-post-thumbnail","hentry","category-campanas","category-20","description-off"],"_links":{"self":[{"href":"https:\/\/organizacion.corape.org.ec\/index.php\/wp-json\/wp\/v2\/posts\/1277","targetHints":{"allow":["GET"]}}],"collection":[{"href":"https:\/\/organizacion.corape.org.ec\/index.php\/wp-json\/wp\/v2\/posts"}],"about":[{"href":"https:\/\/organizacion.corape.org.ec\/index.php\/wp-json\/wp\/v2\/types\/post"}],"author":[{"embeddable":true,"href":"https:\/\/organizacion.corape.org.ec\/index.php\/wp-json\/wp\/v2\/users\/1"}],"replies":[{"embeddable":true,"href":"https:\/\/organizacion.corape.org.ec\/index.php\/wp-json\/wp\/v2\/comments?post=1277"}],"version-history":[{"count":2,"href":"https:\/\/organizacion.corape.org.ec\/index.php\/wp-json\/wp\/v2\/posts\/1277\/revisions"}],"predecessor-version":[{"id":1279,"href":"https:\/\/organizacion.corape.org.ec\/index.php\/wp-json\/wp\/v2\/posts\/1277\/revisions\/1279"}],"wp:featuredmedia":[{"embeddable":true,"href":"https:\/\/organizacion.corape.org.ec\/index.php\/wp-json\/wp\/v2\/media\/849"}],"wp:attachment":[{"href":"https:\/\/organizacion.corape.org.ec\/index.php\/wp-json\/wp\/v2\/media?parent=1277"}],"wp:term":[{"taxonomy":"category","embeddable":true,"href":"https:\/\/organizacion.corape.org.ec\/index.php\/wp-json\/wp\/v2\/categories?post=1277"},{"taxonomy":"post_tag","embeddable":true,"href":"https:\/\/organizacion.corape.org.ec\/index.php\/wp-json\/wp\/v2\/tags?post=1277"}],"curies":[{"name":"wp","href":"https:\/\/api.w.org\/{rel}","templated":true}]}}