{"id":1104,"date":"2022-02-25T15:02:27","date_gmt":"2022-02-25T15:02:27","guid":{"rendered":"https:\/\/organizacion.corape.org.ec\/?p=1104"},"modified":"2024-11-26T18:54:17","modified_gmt":"2024-11-26T18:54:17","slug":"fortalecimiento-de-las-organizaciones-de-productores-en-enfoques-y-herramientas-comunicacionales-2","status":"publish","type":"post","link":"https:\/\/organizacion.corape.org.ec\/index.php\/2022\/02\/25\/fortalecimiento-de-las-organizaciones-de-productores-en-enfoques-y-herramientas-comunicacionales-2\/","title":{"rendered":"Fortalecimiento de las organizaciones de productores en enfoques y herramientas comunicacionales"},"content":{"rendered":"<div class=\"wpb-content-wrapper\"><p>[vc_row full_width=\u00bbstretch_row\u00bb][vc_column]<div class=\"ult-spacer spacer-69f43e4cc54f7\" data-id=\"69f43e4cc54f7\" data-height=\"100\" data-height-mobile=\"100\" data-height-tab=\"100\" data-height-tab-portrait=\"\" data-height-mobile-landscape=\"\" style=\"clear:both;display:block;\"><\/div>[vc_single_image image=\u00bb784&#8243; img_size=\u00bbfull\u00bb alignment=\u00bbcenter\u00bb][\/vc_column][\/vc_row][vc_row][vc_column][vc_column_text]<\/p>\n<h2 style=\"text-align: center;\">Fortalecimiento de las organizaciones de productores en enfoques y herramientas comunicacionales<\/h2>\n<p>[\/vc_column_text][\/vc_column][\/vc_row][vc_row gap=\u00bb10&#8243;][vc_column width=\u00bb1\/2&#8243;][vc_single_image image=\u00bb768&#8243; img_size=\u00bbfull\u00bb alignment=\u00bbcenter\u00bb][\/vc_column][vc_column width=\u00bb1\/2&#8243;]<div class=\"ult-spacer spacer-69f43e4cc552f\" data-id=\"69f43e4cc552f\" data-height=\"100\" data-height-mobile=\"100\" data-height-tab=\"100\" data-height-tab-portrait=\"\" data-height-mobile-landscape=\"\" style=\"clear:both;display:block;\"><\/div>[vc_column_text]<\/p>\n<p style=\"text-align: justify;\">Este proyecto est\u00e1 dirigido a productores agr\u00edcolas, medios de comunicaci\u00f3n, centros de turismo comunitario de Imbabura, Napo y Pastaza. El objetivo es apoyar en herramientas comunicacionales para que los productos comunicacionales de sus organizaciones o emprendimientos sean difundidos adecuadamente. Las l\u00edneas de este proyecto son: Diagn\u00f3stico situacional, formaci\u00f3n, producci\u00f3n y difusi\u00f3n.<\/p>\n<p>[\/vc_column_text][\/vc_column][\/vc_row][vc_row][vc_column][vc_column_text]<\/p>\n<h2 style=\"text-align: center;\">PRODUCTOS REALIZADOS<\/h2>\n<p>[\/vc_column_text][\/vc_column][\/vc_row][vc_row][vc_column width=\u00bb1\/3&#8243;][\/vc_column][vc_column width=\u00bb1\/3&#8243;][vc_row_inner][vc_column_inner width=\u00bb1\/3&#8243;][vc_btn title=\u00bb\u00bb color=\u00bbdanger\u00bb align=\u00bbcenter\u00bb i_icon_fontawesome=\u00bbfab fa-youtube\u00bb add_icon=\u00bbtrue\u00bb link=\u00bburl:https%3A%2F%2Fwww.youtube.com%2Fwatch%3Fv%3DdC7DHzZKU_o%26list%3DPLW9tPsD0XDoWqTJOADURjp7kYw8UCe9hv\u00bb][\/vc_column_inner][vc_column_inner width=\u00bb1\/3&#8243;][vc_btn title=\u00bb\u00bb color=\u00bbinverse\u00bb align=\u00bbcenter\u00bb i_icon_fontawesome=\u00bbfas fa-book-open\u00bb add_icon=\u00bbtrue\u00bb link=\u00bburl:https%3A%2F%2Fwww.yumpu.com%2Fes%2Fdocument%2Fread%2F65711639%2Fplan-de-estrategico-de-comunicacion-actualizado26121&#8243;][\/vc_column_inner][\/vc_row_inner][\/vc_column][vc_column width=\u00bb1\/3&#8243;][\/vc_column][\/vc_row][vc_row][vc_column width=\u00bb1\/5&#8243;][\/vc_column][vc_column width=\u00bb1\/5&#8243;][\/vc_column][vc_column width=\u00bb1\/5&#8243;][\/vc_column][vc_column width=\u00bb1\/5&#8243;][\/vc_column][vc_column width=\u00bb1\/5&#8243;][\/vc_column][\/vc_row]<\/p>\n<\/div>","protected":false},"excerpt":{"rendered":"<p>[vc_row full_width=\u00bbstretch_row\u00bb][vc_column][vc_single_image image=\u00bb784&#8243; img_size=\u00bbfull\u00bb alignment=\u00bbcenter\u00bb][\/vc_column][\/vc_row][vc_row][vc_column][vc_column_text] Fortalecimiento de las organizaciones de productores en enfoques y herramientas comunicacionales [\/vc_column_text][\/vc_column][\/vc_row][vc_row gap=\u00bb10&#8243;][vc_column width=\u00bb1\/2&#8243;][vc_single_image image=\u00bb768&#8243; img_size=\u00bbfull\u00bb alignment=\u00bbcenter\u00bb][\/vc_column][vc_column width=\u00bb1\/2&#8243;][vc_column_text] Este proyecto est\u00e1 dirigido a productores agr\u00edcolas, medios de comunicaci\u00f3n, centros de turismo comunitario de Imbabura, Napo y Pastaza. El objetivo es apoyar en herramientas comunicacionales para que los productos comunicacionales de&hellip;<\/p>\n","protected":false},"author":1,"featured_media":768,"comment_status":"closed","ping_status":"closed","sticky":false,"template":"","format":"standard","meta":{"footnotes":""},"categories":[49,31],"tags":[],"class_list":["post-1104","post","type-post","status-publish","format-standard","has-post-thumbnail","hentry","category-comunicacion-organizacional","category-fao","category-49","category-31","description-off"],"_links":{"self":[{"href":"https:\/\/organizacion.corape.org.ec\/index.php\/wp-json\/wp\/v2\/posts\/1104","targetHints":{"allow":["GET"]}}],"collection":[{"href":"https:\/\/organizacion.corape.org.ec\/index.php\/wp-json\/wp\/v2\/posts"}],"about":[{"href":"https:\/\/organizacion.corape.org.ec\/index.php\/wp-json\/wp\/v2\/types\/post"}],"author":[{"embeddable":true,"href":"https:\/\/organizacion.corape.org.ec\/index.php\/wp-json\/wp\/v2\/users\/1"}],"replies":[{"embeddable":true,"href":"https:\/\/organizacion.corape.org.ec\/index.php\/wp-json\/wp\/v2\/comments?post=1104"}],"version-history":[{"count":8,"href":"https:\/\/organizacion.corape.org.ec\/index.php\/wp-json\/wp\/v2\/posts\/1104\/revisions"}],"predecessor-version":[{"id":2167,"href":"https:\/\/organizacion.corape.org.ec\/index.php\/wp-json\/wp\/v2\/posts\/1104\/revisions\/2167"}],"wp:featuredmedia":[{"embeddable":true,"href":"https:\/\/organizacion.corape.org.ec\/index.php\/wp-json\/wp\/v2\/media\/768"}],"wp:attachment":[{"href":"https:\/\/organizacion.corape.org.ec\/index.php\/wp-json\/wp\/v2\/media?parent=1104"}],"wp:term":[{"taxonomy":"category","embeddable":true,"href":"https:\/\/organizacion.corape.org.ec\/index.php\/wp-json\/wp\/v2\/categories?post=1104"},{"taxonomy":"post_tag","embeddable":true,"href":"https:\/\/organizacion.corape.org.ec\/index.php\/wp-json\/wp\/v2\/tags?post=1104"}],"curies":[{"name":"wp","href":"https:\/\/api.w.org\/{rel}","templated":true}]}}